{"id":3540,"date":"2010-02-27T09:32:42","date_gmt":"2010-02-27T08:32:42","guid":{"rendered":"http:\/\/martine.tatangelo.com\/index.php\/2010\/02\/27\/cest-le-dpart\/"},"modified":"2011-02-14T16:06:00","modified_gmt":"2011-02-14T15:06:00","slug":"cest-le-dpart","status":"publish","type":"post","link":"https:\/\/martine.tatangelo.com\/index.php\/2010\/02\/27\/cest-le-dpart\/","title":{"rendered":"C&rsquo;est le d&eacute;part&hellip;."},"content":{"rendered":"<p>Nous sommes partis sous une pluie battante, les essuie-glaces n\u2019ont eu aucun r\u00e9pit puis dans le massif central, la neige. Nous avons d\u00e9jeun\u00e9 au parking du superbe pont de Millau. Nous avons eu juste une \u00e9claircie pour la photo mais \u00e0 peine sur le parking que la pluie est revenue\u2026<\/p>\n<p><a href=\"http:\/\/martine.tatangelo.com\/wp-content\/uploads\/2010\/02\/p1140079.jpg\"><img loading=\"lazy\" decoding=\"async\" style=\"display: inline; border: 0px;\" title=\"P1140079\" src=\"http:\/\/martine.tatangelo.com\/wp-content\/uploads\/2010\/02\/p1140079-thumb.jpg\" border=\"0\" alt=\"P1140079\" width=\"246\" height=\"190\" \/><\/a><\/p>\n<p><a href=\"http:\/\/martine.tatangelo.com\/wp-content\/uploads\/2010\/02\/p1140081.jpg\"><img loading=\"lazy\" decoding=\"async\" style=\"display: block; float: none; margin-left: auto; margin-right: auto; border: 0px;\" title=\"P1140081\" src=\"http:\/\/martine.tatangelo.com\/wp-content\/uploads\/2010\/02\/p1140081-thumb.jpg\" border=\"0\" alt=\"P1140081\" width=\"246\" height=\"190\" \/><\/a><\/p>\n<p><a href=\"http:\/\/martine.tatangelo.com\/wp-content\/uploads\/2010\/02\/p1140088.jpg\"><img loading=\"lazy\" decoding=\"async\" style=\"display: inline; border: 0px;\" title=\"P1140088\" src=\"http:\/\/martine.tatangelo.com\/wp-content\/uploads\/2010\/02\/p1140088-thumb.jpg\" border=\"0\" alt=\"P1140088\" width=\"246\" height=\"190\" \/><\/a> <a href=\"http:\/\/martine.tatangelo.com\/wp-content\/uploads\/2010\/02\/p1140090.jpg\"><img loading=\"lazy\" decoding=\"async\" style=\"display: inline; margin-left: 0px; margin-right: 0px; border: 0px;\" title=\"P1140090\" src=\"http:\/\/martine.tatangelo.com\/wp-content\/uploads\/2010\/02\/p1140090-thumb.jpg\" border=\"0\" alt=\"P1140090\" width=\"246\" height=\"190\" align=\"right\" \/><\/a><\/p>\n<p>Melissa est avec nous jusqu\u2019\u00e0 Palavas, Alain et Corinne viendront la chercher lundi et nous, nous repartirons en direction de l\u2019Espagne. Hier apr\u00e8s-midi, nous avons enfin vu le soleil \u00e0 Palavas avec du vent mais qu\u2019importe, il y avait le soleil.\u00a0 Ce matin : grand soleil\u2026..<\/p>\n<p><a href=\"http:\/\/martine.tatangelo.com\/wp-content\/uploads\/2010\/02\/p1140092.jpg\"><img loading=\"lazy\" decoding=\"async\" style=\"display: block; float: none; margin-left: auto; margin-right: auto; border: 0px;\" title=\"P1140092\" src=\"http:\/\/martine.tatangelo.com\/wp-content\/uploads\/2010\/02\/p1140092-thumb.jpg\" border=\"0\" alt=\"P1140092\" width=\"246\" height=\"190\" \/><\/a><\/p>\n<p>Nous sommes sur l\u2019aire de camping-car de Palavas situ\u00e9e le long de la halte nautique. Elle est d\u2019ailleurs superbe et bien am\u00e9nag\u00e9e et \u00e0 c\u00f4t\u00e9 de la ville.<\/p>\n<p>Ah, j\u2019ai oubli\u00e9 de dire que nous sommes d\u00e9j\u00e0 en panne de \u2026\u2026frigo et oui. Nous d\u00e9marrons notre voyage avec la m\u00eame panne que d\u2019habitude (il a fonctionn\u00e9 juste 4 jours en Bretagne et hier). On commence \u00e0 en avoir ras le bol de Dom\u00e9tic surtout que leurs soi-disant ateliers agr\u00e9es sont plut\u00f4t nuls car la panne du groupe demeure par intermittence aussi. Ce matin, un d\u00e9panneur doit venir\u2026\u2026 la suite au prochain num\u00e9ro.<\/p>\n","protected":false},"excerpt":{"rendered":"<p>Nous sommes partis sous une pluie battante, les essuie-glaces n\u2019ont eu aucun r\u00e9pit puis dans&#8230;<\/p>\n","protected":false},"author":3,"featured_media":3532,"comment_status":"open","ping_status":"open","sticky":false,"template":"","format":"standard","meta":{"footnotes":""},"categories":[35],"tags":[],"class_list":["post-3540","post","type-post","status-publish","format-standard","has-post-thumbnail","hentry","category-maroc-mars-2010"],"_links":{"self":[{"href":"https:\/\/martine.tatangelo.com\/index.php\/wp-json\/wp\/v2\/posts\/3540","targetHints":{"allow":["GET"]}}],"collection":[{"href":"https:\/\/martine.tatangelo.com\/index.php\/wp-json\/wp\/v2\/posts"}],"about":[{"href":"https:\/\/martine.tatangelo.com\/index.php\/wp-json\/wp\/v2\/types\/post"}],"author":[{"embeddable":true,"href":"https:\/\/martine.tatangelo.com\/index.php\/wp-json\/wp\/v2\/users\/3"}],"replies":[{"embeddable":true,"href":"https:\/\/martine.tatangelo.com\/index.php\/wp-json\/wp\/v2\/comments?post=3540"}],"version-history":[{"count":1,"href":"https:\/\/martine.tatangelo.com\/index.php\/wp-json\/wp\/v2\/posts\/3540\/revisions"}],"predecessor-version":[{"id":4865,"href":"https:\/\/martine.tatangelo.com\/index.php\/wp-json\/wp\/v2\/posts\/3540\/revisions\/4865"}],"wp:featuredmedia":[{"embeddable":true,"href":"https:\/\/martine.tatangelo.com\/index.php\/wp-json\/wp\/v2\/media\/3532"}],"wp:attachment":[{"href":"https:\/\/martine.tatangelo.com\/index.php\/wp-json\/wp\/v2\/media?parent=3540"}],"wp:term":[{"taxonomy":"category","embeddable":true,"href":"https:\/\/martine.tatangelo.com\/index.php\/wp-json\/wp\/v2\/categories?post=3540"},{"taxonomy":"post_tag","embeddable":true,"href":"https:\/\/martine.tatangelo.com\/index.php\/wp-json\/wp\/v2\/tags?post=3540"}],"curies":[{"name":"wp","href":"https:\/\/api.w.org\/{rel}","templated":true}]}}