{"id":56,"date":"2007-05-16T10:44:23","date_gmt":"2007-05-16T09:44:23","guid":{"rendered":"http:\/\/martine.tatangelo.com\/?p=56"},"modified":"2016-01-20T16:24:25","modified_gmt":"2016-01-20T15:24:25","slug":"mardi-15-mai-segovia-madrid-via-el-estorial-126-km","status":"publish","type":"post","link":"https:\/\/martine.tatangelo.com\/index.php\/2007\/05\/16\/mardi-15-mai-segovia-madrid-via-el-estorial-126-km\/","title":{"rendered":"Mardi 15 mai : S\u00e9govia &#8211; Madrid via El Escorial 126 km"},"content":{"rendered":"<p>Eh oui, nous mettons nos \u00ab\u00a0Anapurna\u00a0\u00bb car S\u00e9govie est en montagne et il ne fait pas chaud le matin alors que nous avons toujours le soleil. Alors ils suivent!<br \/>\nVisite de S\u00e9govia et son aqueduc, sa cath\u00e9drale et son alcazar&#8230;&#8230;&#8230;&#8230;comme toute les villes espagnoles (sauf pour l&rsquo;aqueduc). D&rsquo;ailleurs, les espagnols ne savent que construire des cath\u00e9drales et des monast\u00e8res, car les alcazar sont pas toujours de bon go\u00fbt. <br \/>\nL&rsquo;aqueduc a \u00e9t\u00e9 construit en l&rsquo;an 1er et fait 726m de long et 28m de haut sur 2 \u00e9tage d&rsquo;arche et toujours une photo de la cath\u00e9drale et de l&rsquo;alacazar avec G\u00e9rard en premier plan<br \/>\n<img decoding=\"async\" src=\"\/images\/el estorial\/PICT5240.JPG\" alt=\"\" \/><br \/>\nInternet marche sans trop de coupure ce soir (jeudi) alors je vous mets les photos du monast\u00e8re El Escorial qui est gigantesque 2600 fen\u00eatres un batiment tout en granit pas une tr\u00e8s belle architecture mais \u00e0 l&rsquo;int\u00e9rieur une pure merveille&nbsp;: mus\u00e9e d&rsquo;architecture, de peinture et la biblith\u00e8que avec 45000 livres. 2 heures ont \u00e9t\u00e9 trop juste pour tout voir mais nous sommes arriv\u00e9s un peu tard&#8230;.<br \/>\n<img decoding=\"async\" src=\"\/images\/el escorial\/PICT5277.JPG\" alt=\"\" \/><img decoding=\"async\" src=\"\/images\/el escorial\/PICT5299.JPG\" alt=\"\" \/><img decoding=\"async\" src=\"\/images\/el estorial\/PICT5312.JPG\" alt=\"\" \/><img decoding=\"async\" src=\"\/images\/el estorial\/PICT5330.JPG\" alt=\"\" \/><img decoding=\"async\" src=\"\/images\/el estorial\/PICT5268.JPG\" alt=\"\" \/><\/p>\n","protected":false},"excerpt":{"rendered":"<p>Eh oui, nous mettons nos \u00ab\u00a0Anapurna\u00a0\u00bb car S\u00e9govie est en montagne et il ne fait&#8230;<\/p>\n","protected":false},"author":3,"featured_media":0,"comment_status":"open","ping_status":"open","sticky":false,"template":"","format":"standard","meta":{"footnotes":""},"categories":[93],"tags":[],"class_list":["post-56","post","type-post","status-publish","format-standard","hentry","category-espagne-2007"],"_links":{"self":[{"href":"https:\/\/martine.tatangelo.com\/index.php\/wp-json\/wp\/v2\/posts\/56","targetHints":{"allow":["GET"]}}],"collection":[{"href":"https:\/\/martine.tatangelo.com\/index.php\/wp-json\/wp\/v2\/posts"}],"about":[{"href":"https:\/\/martine.tatangelo.com\/index.php\/wp-json\/wp\/v2\/types\/post"}],"author":[{"embeddable":true,"href":"https:\/\/martine.tatangelo.com\/index.php\/wp-json\/wp\/v2\/users\/3"}],"replies":[{"embeddable":true,"href":"https:\/\/martine.tatangelo.com\/index.php\/wp-json\/wp\/v2\/comments?post=56"}],"version-history":[{"count":1,"href":"https:\/\/martine.tatangelo.com\/index.php\/wp-json\/wp\/v2\/posts\/56\/revisions"}],"predecessor-version":[{"id":6946,"href":"https:\/\/martine.tatangelo.com\/index.php\/wp-json\/wp\/v2\/posts\/56\/revisions\/6946"}],"wp:attachment":[{"href":"https:\/\/martine.tatangelo.com\/index.php\/wp-json\/wp\/v2\/media?parent=56"}],"wp:term":[{"taxonomy":"category","embeddable":true,"href":"https:\/\/martine.tatangelo.com\/index.php\/wp-json\/wp\/v2\/categories?post=56"},{"taxonomy":"post_tag","embeddable":true,"href":"https:\/\/martine.tatangelo.com\/index.php\/wp-json\/wp\/v2\/tags?post=56"}],"curies":[{"name":"wp","href":"https:\/\/api.w.org\/{rel}","templated":true}]}}