{"id":6753,"date":"2015-08-16T08:52:54","date_gmt":"2015-08-16T07:52:54","guid":{"rendered":"http:\/\/martine.tatangelo.com\/?p=6753"},"modified":"2015-08-16T09:05:13","modified_gmt":"2015-08-16T08:05:13","slug":"aramon","status":"publish","type":"post","link":"https:\/\/martine.tatangelo.com\/index.php\/2015\/08\/16\/aramon\/","title":{"rendered":"ARAMON"},"content":{"rendered":"<p>Premi\u00e8re halte\u00a0: AMRAMON<\/p>\n<p>Nous avons appont\u00e9 lundi soir \u00e0 ARAMON, une halte fort sympathique. Accueil au top\u00a0: aimable, serviable, dynamique. La halte a \u00e9t\u00e9 cr\u00e9e l\u2019ann\u00e9e derni\u00e8re et les id\u00e9es ne manquent pas. Cours d\u2019\u0153nologie, vols en mongolfi\u00e8re ou h\u00e9licopt\u00e8re, massage. Ce sont les heureux propri\u00e9taires de la plus vieille p\u00e9niche fran\u00e7aise en fonctionnement, le \u00ab Vixit\u00a0\u00bb qui date de 1862 et qui \u00e0 l\u2019\u00e9poque avait 2 roues \u00e0 aubes puis \u00e0 vapeur et maintenant avec moteur. 3 fois la p\u00e9niche a connu des avaries mais elle a toujours \u00e9t\u00e9 reconstruite. Une autre p\u00e9niche le \u00ab\u00a0Helios\u00a0\u00bb est devenue chambre d\u2019h\u00f4tes. Dans les projets\u00a0: ouverture d\u2019une guinguette. Donc une halte agr\u00e9able. Le capitaine nous a vant\u00e9 les m\u00e9rites de Aramon et nous d\u00e9cidons d\u2019y aller demain matin.<\/p>\n<p><a href=\"http:\/\/martine.tatangelo.com\/wp-content\/uploads\/2015\/08\/DSC_3182.jpg\"><img loading=\"lazy\" decoding=\"async\" class=\"aligncenter size-medium wp-image-6756\" src=\"http:\/\/martine.tatangelo.com\/wp-content\/uploads\/2015\/08\/DSC_3182-400x267.jpg\" alt=\"DSC_3182\" width=\"400\" height=\"267\" srcset=\"https:\/\/martine.tatangelo.com\/wp-content\/uploads\/2015\/08\/DSC_3182-400x267.jpg 400w, https:\/\/martine.tatangelo.com\/wp-content\/uploads\/2015\/08\/DSC_3182-1024x683.jpg 1024w\" sizes=\"auto, (max-width: 400px) 100vw, 400px\" \/><\/a>Nous avons un temps magnifique et plus de vent. Il fait tr\u00e8s chaud.<\/p>\n<p><a href=\"http:\/\/martine.tatangelo.com\/wp-content\/uploads\/2015\/08\/DSC_3143.jpg\"><img loading=\"lazy\" decoding=\"async\" class=\"aligncenter size-medium wp-image-6754\" src=\"http:\/\/martine.tatangelo.com\/wp-content\/uploads\/2015\/08\/DSC_3143-400x267.jpg\" alt=\"DSC_3143\" width=\"400\" height=\"267\" srcset=\"https:\/\/martine.tatangelo.com\/wp-content\/uploads\/2015\/08\/DSC_3143-400x267.jpg 400w, https:\/\/martine.tatangelo.com\/wp-content\/uploads\/2015\/08\/DSC_3143-1024x683.jpg 1024w\" sizes=\"auto, (max-width: 400px) 100vw, 400px\" \/><\/a>Aramon\u00a0: petite ville proven\u00e7ale de 3000 habitants, ancien oppidum pr\u00e9-romain. Pendant la p\u00e9riode romaine, Aramon \u00e9tait un abri pour les navigateurs comme en t\u00e9moignent le quai qui s\u2019\u00e9tire tout le long du village, il prot\u00e9geait la ville des inondations. C\u2019est la construction du barrage de Vallabr\u00e8ges et l\u2019endiguement du Rh\u00f4ne que la branche du fleuve qui passait devant Aramon a \u00e9t\u00e9 ass\u00e9ch\u00e9 en 1970. Le village se situe maintenant \u00e0 300m des rives du fleuve.<\/p>\n<p>On rentre par la porte de Montfrin et c\u2019est l\u2019une des 8 porte de la ville . La vieille ville poss\u00e8de de beaux h\u00f4tels particuliers\u00a0\u00a0 Les H\u00f4tels de Laudun et H\u00f4tel de Posqui\u00e8re coseigneurs d\u2019Aramon datent du XVII si\u00e8cle . L\u2019\u00e9glise St Pancrace du XII\u00e8S est en pleine restauration.<\/p>\n<p><a href=\"http:\/\/martine.tatangelo.com\/wp-content\/uploads\/2015\/08\/DSC_3172.jpg\"><img loading=\"lazy\" decoding=\"async\" class=\"aligncenter size-medium wp-image-6755\" src=\"http:\/\/martine.tatangelo.com\/wp-content\/uploads\/2015\/08\/DSC_3172-400x428.jpg\" alt=\"DSC_3172\" width=\"400\" height=\"428\" srcset=\"https:\/\/martine.tatangelo.com\/wp-content\/uploads\/2015\/08\/DSC_3172-400x428.jpg 400w, https:\/\/martine.tatangelo.com\/wp-content\/uploads\/2015\/08\/DSC_3172-956x1024.jpg 956w\" sizes=\"auto, (max-width: 400px) 100vw, 400px\" \/><\/a>En haut de la haute muraille de 12m on aper\u00e7oit le ch\u00e2teau du XII\u00e8me S. mais des r\u00e9novations successives au XVIII et XIX\u00e8meS luis donnent son aspect actuel. Le ch\u00e2teau a subit de grands d\u00e9gats pendant les guerres religieuses et la R\u00e9volution. Il est la propri\u00e9t\u00e9 du Sauvan d\u2019Aramon depuis 1653<\/p>\n<p>En fin de matin\u00e9e, nous partons pour Avignon \u00e0 1 heure de navigation.<\/p>\n<p>&nbsp;<\/p>\n<p>&nbsp;<\/p>\n<p>&nbsp;<\/p>\n","protected":false},"excerpt":{"rendered":"<p>Premi\u00e8re halte\u00a0: AMRAMON Nous avons appont\u00e9 lundi soir \u00e0 ARAMON, une halte fort sympathique. Accueil&#8230;<\/p>\n","protected":false},"author":3,"featured_media":6756,"comment_status":"open","ping_status":"open","sticky":false,"template":"","format":"standard","meta":{"footnotes":""},"categories":[90],"tags":[],"class_list":["post-6753","post","type-post","status-publish","format-standard","has-post-thumbnail","hentry","category-rhone-et-saone-en-bateau-france"],"_links":{"self":[{"href":"https:\/\/martine.tatangelo.com\/index.php\/wp-json\/wp\/v2\/posts\/6753","targetHints":{"allow":["GET"]}}],"collection":[{"href":"https:\/\/martine.tatangelo.com\/index.php\/wp-json\/wp\/v2\/posts"}],"about":[{"href":"https:\/\/martine.tatangelo.com\/index.php\/wp-json\/wp\/v2\/types\/post"}],"author":[{"embeddable":true,"href":"https:\/\/martine.tatangelo.com\/index.php\/wp-json\/wp\/v2\/users\/3"}],"replies":[{"embeddable":true,"href":"https:\/\/martine.tatangelo.com\/index.php\/wp-json\/wp\/v2\/comments?post=6753"}],"version-history":[{"count":1,"href":"https:\/\/martine.tatangelo.com\/index.php\/wp-json\/wp\/v2\/posts\/6753\/revisions"}],"predecessor-version":[{"id":6757,"href":"https:\/\/martine.tatangelo.com\/index.php\/wp-json\/wp\/v2\/posts\/6753\/revisions\/6757"}],"wp:featuredmedia":[{"embeddable":true,"href":"https:\/\/martine.tatangelo.com\/index.php\/wp-json\/wp\/v2\/media\/6756"}],"wp:attachment":[{"href":"https:\/\/martine.tatangelo.com\/index.php\/wp-json\/wp\/v2\/media?parent=6753"}],"wp:term":[{"taxonomy":"category","embeddable":true,"href":"https:\/\/martine.tatangelo.com\/index.php\/wp-json\/wp\/v2\/categories?post=6753"},{"taxonomy":"post_tag","embeddable":true,"href":"https:\/\/martine.tatangelo.com\/index.php\/wp-json\/wp\/v2\/tags?post=6753"}],"curies":[{"name":"wp","href":"https:\/\/api.w.org\/{rel}","templated":true}]}}