{"id":6785,"date":"2015-08-19T12:55:08","date_gmt":"2015-08-19T11:55:08","guid":{"rendered":"http:\/\/martine.tatangelo.com\/?p=6785"},"modified":"2015-08-19T12:55:08","modified_gmt":"2015-08-19T11:55:08","slug":"cruas-valence-les-roches-condrieu","status":"publish","type":"post","link":"https:\/\/martine.tatangelo.com\/index.php\/2015\/08\/19\/cruas-valence-les-roches-condrieu\/","title":{"rendered":"CRUAS &#8211; VALENCE &#8211; LES ROCHES CONDRIEU"},"content":{"rendered":"<p>CRUAS \u2013 VALENCE<\/p>\n<p>Jeudi 13 ao\u00fbt 15<\/p>\n<p>&nbsp;<\/p>\n<p>Ce matin on a une l\u00e9g\u00e8re brise, il fait moins chaud. Nous partons pour Valence. Deux \u00e9cluses \u00e0 passer, le vent force au fil du temps.<\/p>\n<p>Le paysage est plus sympa. On passe devant la Voulte sur le Rh\u00f4ne et sont ch\u00e2teau du XIV\u00e8S.<\/p>\n<p>Le vent force et on arrive \u00e0 13h \u00e0 Valence avec un vent du sud tr\u00e8s fort. Juste le temps d\u2019apponter et la pluie arrive. On nous annonce pour ce soir un changement de direction du vent\u00a0: le mistral est attendu.<\/p>\n<p>Nous profitons pour faire le r\u00e9vitaillement.<\/p>\n<p>&nbsp;<\/p>\n<p>VALENCE \u2013 LES ROCHES CONDRIEU<\/p>\n<p>Vendredi 14 ao\u00fbt 15<\/p>\n<p>&nbsp;<\/p>\n<p>Le vent s\u2019et calm\u00e9, pas de mistral ni de vent du sud. Le vent de la veille a tout balay\u00e9 et le soleil est revenu . Sorti de Valence, nous passons une \u00e9cluse mais c\u2019est un jeu d\u2019enfant et nous n\u2019avons jamais d\u2019attente. Nous sommes dans les vignobles de Saint Joseph et de Crozes-Hermitage. Arr\u00eat d\u00e9jeuner \u00e0 Tournon sur le Rh\u00f4ne\u00a0: le port est d\u00e9suet mais bien situ\u00e9 en centre ville. Une place ombrag\u00e9e par des platanes o\u00f9 les gens viennent d\u00e9jeuner face au Rh\u00f4ne. Pas pratique l\u2019appontage sur les quais. En plus le port est plein d\u2019algues.<\/p>\n<p>Le ch\u00e2teau des comtes de Tournon et la coll\u00e9giale Saint Julien font face au Rh\u00f4ne. Juste en face la ville de Tain-l\u2019Hermitage.<\/p>\n<p><a href=\"http:\/\/martine.tatangelo.com\/wp-content\/uploads\/2015\/08\/DSC_3616.jpg\"><img loading=\"lazy\" decoding=\"async\" class=\"aligncenter size-medium wp-image-6786\" src=\"http:\/\/martine.tatangelo.com\/wp-content\/uploads\/2015\/08\/DSC_3616-400x267.jpg\" alt=\"DSC_3616\" width=\"400\" height=\"267\" srcset=\"https:\/\/martine.tatangelo.com\/wp-content\/uploads\/2015\/08\/DSC_3616-400x267.jpg 400w, https:\/\/martine.tatangelo.com\/wp-content\/uploads\/2015\/08\/DSC_3616-1024x683.jpg 1024w\" sizes=\"auto, (max-width: 400px) 100vw, 400px\" \/><\/a><a href=\"http:\/\/martine.tatangelo.com\/wp-content\/uploads\/2015\/08\/DSC_3622.jpg\"><img loading=\"lazy\" decoding=\"async\" class=\"aligncenter size-medium wp-image-6787\" src=\"http:\/\/martine.tatangelo.com\/wp-content\/uploads\/2015\/08\/DSC_3622-400x267.jpg\" alt=\"DSC_3622\" width=\"400\" height=\"267\" srcset=\"https:\/\/martine.tatangelo.com\/wp-content\/uploads\/2015\/08\/DSC_3622-400x267.jpg 400w, https:\/\/martine.tatangelo.com\/wp-content\/uploads\/2015\/08\/DSC_3622-1024x683.jpg 1024w\" sizes=\"auto, (max-width: 400px) 100vw, 400px\" \/><\/a>On repart mais juste \u00e0 l\u2019\u00e9cluse de Gervans, on devra nettoyer le filtre a cause des algues.<\/p>\n<p>Toute la remonter jusqu\u2019aux Roches-Condrieu,le paysage est fait de for\u00eat et de vignes. Quelques usines et centrales le long du fleuve et toujours des cygnes. On passe Andance, joli village qui doit construire un port mais \u00e0 ce jour toujours rien, nous sommes oblig\u00e9s de continuer sur la Roche Condrieu. Sur le Rh\u00f4ne, on a interdiction de s\u2019amarrer sur les berges et il y a peu de port. Nous arrivons \u00e0 20h au port des Roches-Condrieu.<\/p>\n<p><a href=\"http:\/\/martine.tatangelo.com\/wp-content\/uploads\/2015\/08\/DSC_3679.jpg\"><img loading=\"lazy\" decoding=\"async\" class=\"aligncenter size-medium wp-image-6789\" src=\"http:\/\/martine.tatangelo.com\/wp-content\/uploads\/2015\/08\/DSC_3679-400x267.jpg\" alt=\"DSC_3679\" width=\"400\" height=\"267\" srcset=\"https:\/\/martine.tatangelo.com\/wp-content\/uploads\/2015\/08\/DSC_3679-400x267.jpg 400w, https:\/\/martine.tatangelo.com\/wp-content\/uploads\/2015\/08\/DSC_3679-1024x683.jpg 1024w\" sizes=\"auto, (max-width: 400px) 100vw, 400px\" \/><\/a>Nous sommes dans le vignoble du C\u00f4te du Rh\u00f4ne et Les Roches-Condrieu des c\u00e9l\u00e8bre pour ses vins blancs.<\/p>\n<p>&nbsp;<\/p>\n<p>&nbsp;<\/p>\n","protected":false},"excerpt":{"rendered":"<p>CRUAS \u2013 VALENCE Jeudi 13 ao\u00fbt 15 &nbsp; Ce matin on a une l\u00e9g\u00e8re brise,&#8230;<\/p>\n","protected":false},"author":3,"featured_media":6788,"comment_status":"open","ping_status":"open","sticky":false,"template":"","format":"standard","meta":{"footnotes":""},"categories":[90],"tags":[],"class_list":["post-6785","post","type-post","status-publish","format-standard","has-post-thumbnail","hentry","category-rhone-et-saone-en-bateau-france"],"_links":{"self":[{"href":"https:\/\/martine.tatangelo.com\/index.php\/wp-json\/wp\/v2\/posts\/6785","targetHints":{"allow":["GET"]}}],"collection":[{"href":"https:\/\/martine.tatangelo.com\/index.php\/wp-json\/wp\/v2\/posts"}],"about":[{"href":"https:\/\/martine.tatangelo.com\/index.php\/wp-json\/wp\/v2\/types\/post"}],"author":[{"embeddable":true,"href":"https:\/\/martine.tatangelo.com\/index.php\/wp-json\/wp\/v2\/users\/3"}],"replies":[{"embeddable":true,"href":"https:\/\/martine.tatangelo.com\/index.php\/wp-json\/wp\/v2\/comments?post=6785"}],"version-history":[{"count":1,"href":"https:\/\/martine.tatangelo.com\/index.php\/wp-json\/wp\/v2\/posts\/6785\/revisions"}],"predecessor-version":[{"id":6790,"href":"https:\/\/martine.tatangelo.com\/index.php\/wp-json\/wp\/v2\/posts\/6785\/revisions\/6790"}],"wp:featuredmedia":[{"embeddable":true,"href":"https:\/\/martine.tatangelo.com\/index.php\/wp-json\/wp\/v2\/media\/6788"}],"wp:attachment":[{"href":"https:\/\/martine.tatangelo.com\/index.php\/wp-json\/wp\/v2\/media?parent=6785"}],"wp:term":[{"taxonomy":"category","embeddable":true,"href":"https:\/\/martine.tatangelo.com\/index.php\/wp-json\/wp\/v2\/categories?post=6785"},{"taxonomy":"post_tag","embeddable":true,"href":"https:\/\/martine.tatangelo.com\/index.php\/wp-json\/wp\/v2\/tags?post=6785"}],"curies":[{"name":"wp","href":"https:\/\/api.w.org\/{rel}","templated":true}]}}