{"id":6881,"date":"2016-01-17T23:12:13","date_gmt":"2016-01-17T22:12:13","guid":{"rendered":"http:\/\/martine.tatangelo.com\/?p=6881"},"modified":"2016-01-18T21:36:46","modified_gmt":"2016-01-18T20:36:46","slug":"la-orotova-del-teide","status":"publish","type":"post","link":"https:\/\/martine.tatangelo.com\/index.php\/2016\/01\/17\/la-orotova-del-teide\/","title":{"rendered":"LA OROTOVA &#8211; DEL TEIDE"},"content":{"rendered":"<p>Dimanche 10 janvier\u00a0: BUENAVISTA \u2013 LA OROTAVA \u2013 DEL TEIDE<\/p>\n<p>&nbsp;<\/p>\n<p>G\u00e9rard a r\u00e9serv\u00e9 le golf pour les lundi, mardi, jeudi et vendredi matin. Donc aujourd\u2019hui, nous avons quartier libre et nous d\u00e9cidons de partir d\u00e9couvrir la c\u00f4te ouest de l\u2019\u00eele.<\/p>\n<p>D\u00e9part pour Garachico,<\/p>\n<p><a href=\"http:\/\/martine.tatangelo.com\/wp-content\/uploads\/2016\/01\/DSCN2036.jpg\"><img loading=\"lazy\" decoding=\"async\" class=\"aligncenter size-medium wp-image-6888\" src=\"http:\/\/martine.tatangelo.com\/wp-content\/uploads\/2016\/01\/DSCN2036-400x300.jpg\" alt=\"DSCN2036\" width=\"400\" height=\"300\" srcset=\"https:\/\/martine.tatangelo.com\/wp-content\/uploads\/2016\/01\/DSCN2036-400x300.jpg 400w, https:\/\/martine.tatangelo.com\/wp-content\/uploads\/2016\/01\/DSCN2036-1024x768.jpg 1024w, https:\/\/martine.tatangelo.com\/wp-content\/uploads\/2016\/01\/DSCN2036.jpg 1280w\" sizes=\"auto, (max-width: 400px) 100vw, 400px\" \/><\/a>joli petit port avec de belles maisons coloniales qui a connu en 1706 la col\u00e8re du volcan Trebejo qui a pratiquement tout d\u00e9truit. La temp\u00e9rature est de 24\u00b0 on est presque en \u00e9t\u00e9\u00a0!<\/p>\n<p><a href=\"http:\/\/martine.tatangelo.com\/wp-content\/uploads\/2016\/01\/DSC_4873.jpg\"><img loading=\"lazy\" decoding=\"async\" class=\"aligncenter size-medium wp-image-6882\" src=\"http:\/\/martine.tatangelo.com\/wp-content\/uploads\/2016\/01\/DSC_4873-400x267.jpg\" alt=\"GARACHICO\" width=\"400\" height=\"267\" srcset=\"https:\/\/martine.tatangelo.com\/wp-content\/uploads\/2016\/01\/DSC_4873-400x267.jpg 400w, https:\/\/martine.tatangelo.com\/wp-content\/uploads\/2016\/01\/DSC_4873-1024x682.jpg 1024w, https:\/\/martine.tatangelo.com\/wp-content\/uploads\/2016\/01\/DSC_4873.jpg 1280w\" sizes=\"auto, (max-width: 400px) 100vw, 400px\" \/><\/a><\/p>\n<p><a href=\"http:\/\/martine.tatangelo.com\/wp-content\/uploads\/2016\/01\/DSC_4874.jpg\"><img loading=\"lazy\" decoding=\"async\" class=\"aligncenter size-medium wp-image-6883\" src=\"http:\/\/martine.tatangelo.com\/wp-content\/uploads\/2016\/01\/DSC_4874-400x267.jpg\" alt=\"GARACHICO\" width=\"400\" height=\"267\" srcset=\"https:\/\/martine.tatangelo.com\/wp-content\/uploads\/2016\/01\/DSC_4874-400x267.jpg 400w, https:\/\/martine.tatangelo.com\/wp-content\/uploads\/2016\/01\/DSC_4874-1024x682.jpg 1024w, https:\/\/martine.tatangelo.com\/wp-content\/uploads\/2016\/01\/DSC_4874.jpg 1280w\" sizes=\"auto, (max-width: 400px) 100vw, 400px\" \/><\/a><a href=\"http:\/\/martine.tatangelo.com\/wp-content\/uploads\/2016\/01\/DSC_4907.jpg\"><img loading=\"lazy\" decoding=\"async\" class=\"aligncenter size-medium wp-image-6884\" src=\"http:\/\/martine.tatangelo.com\/wp-content\/uploads\/2016\/01\/DSC_4907-400x267.jpg\" alt=\"GARACHICO\" width=\"400\" height=\"267\" srcset=\"https:\/\/martine.tatangelo.com\/wp-content\/uploads\/2016\/01\/DSC_4907-400x267.jpg 400w, https:\/\/martine.tatangelo.com\/wp-content\/uploads\/2016\/01\/DSC_4907-1024x682.jpg 1024w, https:\/\/martine.tatangelo.com\/wp-content\/uploads\/2016\/01\/DSC_4907.jpg 1280w\" sizes=\"auto, (max-width: 400px) 100vw, 400px\" \/><\/a>C&rsquo;est dimanche et \u00e0 Garachico c&rsquo;est jour de f\u00eate. Course cycliste pour tous de 3 \u00e0 77 ans mais ici on doit si mettre jeune car il y a des c\u00f4tes, il faut se faire les mollets d\u00e8s le plus jeune \u00e2ge&#8230;.<\/p>\n<p><a href=\"http:\/\/martine.tatangelo.com\/wp-content\/uploads\/2016\/01\/DSC_49071.jpg\"><br \/>\n<\/a> <a href=\"http:\/\/martine.tatangelo.com\/wp-content\/uploads\/2016\/01\/DSC_49072.jpg\"><br \/>\n<\/a> <a href=\"http:\/\/martine.tatangelo.com\/wp-content\/uploads\/2016\/01\/DSC_4906.jpg\"><img loading=\"lazy\" decoding=\"async\" class=\"aligncenter size-medium wp-image-6887\" src=\"http:\/\/martine.tatangelo.com\/wp-content\/uploads\/2016\/01\/DSC_4906-400x267.jpg\" alt=\"DSC_4906\" width=\"400\" height=\"267\" srcset=\"https:\/\/martine.tatangelo.com\/wp-content\/uploads\/2016\/01\/DSC_4906-400x267.jpg 400w, https:\/\/martine.tatangelo.com\/wp-content\/uploads\/2016\/01\/DSC_4906-1024x682.jpg 1024w, https:\/\/martine.tatangelo.com\/wp-content\/uploads\/2016\/01\/DSC_4906.jpg 1280w\" sizes=\"auto, (max-width: 400px) 100vw, 400px\" \/><\/a><\/p>\n<p><a href=\"http:\/\/martine.tatangelo.com\/wp-content\/uploads\/2016\/01\/DSCN2039.jpg\"><img loading=\"lazy\" decoding=\"async\" class=\"aligncenter size-medium wp-image-6889\" src=\"http:\/\/martine.tatangelo.com\/wp-content\/uploads\/2016\/01\/DSCN2039-400x300.jpg\" alt=\"garachico\" width=\"400\" height=\"300\" srcset=\"https:\/\/martine.tatangelo.com\/wp-content\/uploads\/2016\/01\/DSCN2039-400x300.jpg 400w, https:\/\/martine.tatangelo.com\/wp-content\/uploads\/2016\/01\/DSCN2039-1024x768.jpg 1024w, https:\/\/martine.tatangelo.com\/wp-content\/uploads\/2016\/01\/DSCN2039.jpg 1280w\" sizes=\"auto, (max-width: 400px) 100vw, 400px\" \/><\/a>Puis par une belle route le long de la mer, nous prenons la direction de La Orotava.<\/p>\n<p><a href=\"http:\/\/martine.tatangelo.com\/wp-content\/uploads\/2016\/01\/DSCN2032.jpg\"><img loading=\"lazy\" decoding=\"async\" class=\"aligncenter size-medium wp-image-6890\" src=\"http:\/\/martine.tatangelo.com\/wp-content\/uploads\/2016\/01\/DSCN2032-400x300.jpg\" alt=\"DSCN2032\" width=\"400\" height=\"300\" srcset=\"https:\/\/martine.tatangelo.com\/wp-content\/uploads\/2016\/01\/DSCN2032-400x300.jpg 400w, https:\/\/martine.tatangelo.com\/wp-content\/uploads\/2016\/01\/DSCN2032-1024x768.jpg 1024w, https:\/\/martine.tatangelo.com\/wp-content\/uploads\/2016\/01\/DSCN2032.jpg 1280w\" sizes=\"auto, (max-width: 400px) 100vw, 400px\" \/><\/a><a href=\"http:\/\/martine.tatangelo.com\/wp-content\/uploads\/2016\/01\/DSCN2036.jpg\"><br \/>\n<\/a> Le centre ville est une merveille\u00a0: maisons coloniales avec balcon en bois richement travaill\u00e9. On peut visiter la casa de los Balcones qui date du XVII\u00e8S. Au rez de chauss\u00e9e, quelques \u00e9choppes on l\u2019on peut voir des tr\u00e8s belles nappes brod\u00e9es.<\/p>\n<p><a href=\"http:\/\/martine.tatangelo.com\/wp-content\/uploads\/2016\/01\/DSC_4937.jpg\"><img loading=\"lazy\" decoding=\"async\" class=\"aligncenter size-medium wp-image-6891\" src=\"http:\/\/martine.tatangelo.com\/wp-content\/uploads\/2016\/01\/DSC_4937-400x267.jpg\" alt=\"DSC_4937\" width=\"400\" height=\"267\" srcset=\"https:\/\/martine.tatangelo.com\/wp-content\/uploads\/2016\/01\/DSC_4937-400x267.jpg 400w, https:\/\/martine.tatangelo.com\/wp-content\/uploads\/2016\/01\/DSC_4937-1024x682.jpg 1024w, https:\/\/martine.tatangelo.com\/wp-content\/uploads\/2016\/01\/DSC_4937.jpg 1280w\" sizes=\"auto, (max-width: 400px) 100vw, 400px\" \/><\/a><a href=\"http:\/\/martine.tatangelo.com\/wp-content\/uploads\/2016\/01\/DSC_4969.jpg\"><img loading=\"lazy\" decoding=\"async\" class=\"aligncenter size-medium wp-image-6892\" src=\"http:\/\/martine.tatangelo.com\/wp-content\/uploads\/2016\/01\/DSC_4969-400x267.jpg\" alt=\"DSC_4969\" width=\"400\" height=\"267\" srcset=\"https:\/\/martine.tatangelo.com\/wp-content\/uploads\/2016\/01\/DSC_4969-400x267.jpg 400w, https:\/\/martine.tatangelo.com\/wp-content\/uploads\/2016\/01\/DSC_4969-1024x682.jpg 1024w, https:\/\/martine.tatangelo.com\/wp-content\/uploads\/2016\/01\/DSC_4969.jpg 1280w\" sizes=\"auto, (max-width: 400px) 100vw, 400px\" \/><\/a><\/p>\n<p><a href=\"http:\/\/martine.tatangelo.com\/wp-content\/uploads\/2016\/01\/DSCN2066.jpg\"><img loading=\"lazy\" decoding=\"async\" class=\"aligncenter size-medium wp-image-6893\" src=\"http:\/\/martine.tatangelo.com\/wp-content\/uploads\/2016\/01\/DSCN2066-400x300.jpg\" alt=\"DSCN2066\" width=\"400\" height=\"300\" srcset=\"https:\/\/martine.tatangelo.com\/wp-content\/uploads\/2016\/01\/DSCN2066-400x300.jpg 400w, https:\/\/martine.tatangelo.com\/wp-content\/uploads\/2016\/01\/DSCN2066-1024x768.jpg 1024w, https:\/\/martine.tatangelo.com\/wp-content\/uploads\/2016\/01\/DSCN2066.jpg 1280w\" sizes=\"auto, (max-width: 400px) 100vw, 400px\" \/><\/a>On peut encore voir les moulins \u00e0 gofio. Le gofio est un m\u00e9lange de c\u00e9r\u00e9ales grill\u00e9es et broy\u00e9es. Nous d\u00e9jeunerons d\u2019ailleurs dans un ancien moulin \u00e0 gofio de sp\u00e9cialit\u00e9s canariennes\u00a0: poulpe et pommes de terre \u00e0 la canarienne. Un r\u00e9gal<\/p>\n<p><a href=\"http:\/\/martine.tatangelo.com\/wp-content\/uploads\/2016\/01\/DSCN2070.jpg\"><img loading=\"lazy\" decoding=\"async\" class=\"aligncenter size-medium wp-image-6904\" src=\"http:\/\/martine.tatangelo.com\/wp-content\/uploads\/2016\/01\/DSCN2070-400x300.jpg\" alt=\"DSCN2070\" width=\"400\" height=\"300\" srcset=\"https:\/\/martine.tatangelo.com\/wp-content\/uploads\/2016\/01\/DSCN2070-400x300.jpg 400w, https:\/\/martine.tatangelo.com\/wp-content\/uploads\/2016\/01\/DSCN2070-1024x768.jpg 1024w, https:\/\/martine.tatangelo.com\/wp-content\/uploads\/2016\/01\/DSCN2070.jpg 1280w\" sizes=\"auto, (max-width: 400px) 100vw, 400px\" \/><\/a><\/p>\n<p>L\u2019apr\u00e8s-midi, nous partirons pour le parc Del Teide, le Del Teide est le plus haut sommet de l\u2019\u00efle soit 3518m. Parfois, il y a de la neige mais pas cette ann\u00e9e.<\/p>\n<p><a href=\"http:\/\/martine.tatangelo.com\/wp-content\/uploads\/2016\/01\/DSC_5048.jpg\"><img loading=\"lazy\" decoding=\"async\" class=\"aligncenter size-medium wp-image-6897\" src=\"http:\/\/martine.tatangelo.com\/wp-content\/uploads\/2016\/01\/DSC_5048-400x267.jpg\" alt=\"del teide\" width=\"400\" height=\"267\" srcset=\"https:\/\/martine.tatangelo.com\/wp-content\/uploads\/2016\/01\/DSC_5048-400x267.jpg 400w, https:\/\/martine.tatangelo.com\/wp-content\/uploads\/2016\/01\/DSC_5048-1024x682.jpg 1024w, https:\/\/martine.tatangelo.com\/wp-content\/uploads\/2016\/01\/DSC_5048.jpg 1280w\" sizes=\"auto, (max-width: 400px) 100vw, 400px\" \/><\/a><\/p>\n<p><a href=\"http:\/\/martine.tatangelo.com\/wp-content\/uploads\/2016\/01\/DSC_5043.jpg\"><img loading=\"lazy\" decoding=\"async\" class=\"aligncenter size-medium wp-image-6899\" src=\"http:\/\/martine.tatangelo.com\/wp-content\/uploads\/2016\/01\/DSC_5043-400x267.jpg\" alt=\"del teide\" width=\"400\" height=\"267\" srcset=\"https:\/\/martine.tatangelo.com\/wp-content\/uploads\/2016\/01\/DSC_5043-400x267.jpg 400w, https:\/\/martine.tatangelo.com\/wp-content\/uploads\/2016\/01\/DSC_5043-1024x682.jpg 1024w, https:\/\/martine.tatangelo.com\/wp-content\/uploads\/2016\/01\/DSC_5043.jpg 1280w\" sizes=\"auto, (max-width: 400px) 100vw, 400px\" \/><\/a>Inscrit au patrimoine de l\u2019Unesco le parc est superbe. D\u2019incroyables paysages de roches volcaniques arides puis on retrouve une maigre v\u00e9g\u00e9tation puis des arbres. On se demande comment \u00e7a peut pousser.<\/p>\n<p><a href=\"http:\/\/martine.tatangelo.com\/wp-content\/uploads\/2016\/01\/DSC_5038.jpg\"><img loading=\"lazy\" decoding=\"async\" class=\"aligncenter size-medium wp-image-6900\" src=\"http:\/\/martine.tatangelo.com\/wp-content\/uploads\/2016\/01\/DSC_5038-400x267.jpg\" alt=\"del teide\" width=\"400\" height=\"267\" srcset=\"https:\/\/martine.tatangelo.com\/wp-content\/uploads\/2016\/01\/DSC_5038-400x267.jpg 400w, https:\/\/martine.tatangelo.com\/wp-content\/uploads\/2016\/01\/DSC_5038-1024x682.jpg 1024w, https:\/\/martine.tatangelo.com\/wp-content\/uploads\/2016\/01\/DSC_5038.jpg 1280w\" sizes=\"auto, (max-width: 400px) 100vw, 400px\" \/><\/a><\/p>\n<p>De belles randos sont possibles dans le parc. Attention d\u2019\u00eatre bien chauss\u00e9s et de bien choisir son programme car nous, on n\u2019est pas habitu\u00e9 au d\u00e9nivel\u00e9 de 800 \u00e0 1000m.<\/p>\n<p>Nous aurons des entr\u00e9es maritimes en fin de journ\u00e9e et comme nous sommes tr\u00e8s haut nous sommes au dessus des nuages.<\/p>\n<p><a href=\"http:\/\/martine.tatangelo.com\/wp-content\/uploads\/2016\/01\/DSC_5017.jpg\"><img loading=\"lazy\" decoding=\"async\" class=\"aligncenter size-medium wp-image-6901\" src=\"http:\/\/martine.tatangelo.com\/wp-content\/uploads\/2016\/01\/DSC_5017-400x267.jpg\" alt=\"del teide\" width=\"400\" height=\"267\" srcset=\"https:\/\/martine.tatangelo.com\/wp-content\/uploads\/2016\/01\/DSC_5017-400x267.jpg 400w, https:\/\/martine.tatangelo.com\/wp-content\/uploads\/2016\/01\/DSC_5017-1024x682.jpg 1024w, https:\/\/martine.tatangelo.com\/wp-content\/uploads\/2016\/01\/DSC_5017.jpg 1280w\" sizes=\"auto, (max-width: 400px) 100vw, 400px\" \/><\/a>Nous attendrons le coucher du soleil pour repartir.<\/p>\n<p><a href=\"http:\/\/martine.tatangelo.com\/wp-content\/uploads\/2016\/01\/DSCN2095.jpg\"><img loading=\"lazy\" decoding=\"async\" class=\"aligncenter size-medium wp-image-6902\" src=\"http:\/\/martine.tatangelo.com\/wp-content\/uploads\/2016\/01\/DSCN2095-400x300.jpg\" alt=\"coucher soleil el teille\" width=\"400\" height=\"300\" srcset=\"https:\/\/martine.tatangelo.com\/wp-content\/uploads\/2016\/01\/DSCN2095-400x300.jpg 400w, https:\/\/martine.tatangelo.com\/wp-content\/uploads\/2016\/01\/DSCN2095-1024x768.jpg 1024w, https:\/\/martine.tatangelo.com\/wp-content\/uploads\/2016\/01\/DSCN2095.jpg 1280w\" sizes=\"auto, (max-width: 400px) 100vw, 400px\" \/><\/a><\/p>\n<p>&nbsp;<\/p>\n<p>&nbsp;<\/p>\n","protected":false},"excerpt":{"rendered":"<p>Dimanche 10 janvier\u00a0: BUENAVISTA \u2013 LA OROTAVA \u2013 DEL TEIDE &nbsp; G\u00e9rard a r\u00e9serv\u00e9 le&#8230;<\/p>\n","protected":false},"author":3,"featured_media":6907,"comment_status":"open","ping_status":"open","sticky":false,"template":"","format":"standard","meta":{"footnotes":""},"categories":[92],"tags":[],"class_list":["post-6881","post","type-post","status-publish","format-standard","has-post-thumbnail","hentry","category-les-canaries"],"_links":{"self":[{"href":"https:\/\/martine.tatangelo.com\/index.php\/wp-json\/wp\/v2\/posts\/6881","targetHints":{"allow":["GET"]}}],"collection":[{"href":"https:\/\/martine.tatangelo.com\/index.php\/wp-json\/wp\/v2\/posts"}],"about":[{"href":"https:\/\/martine.tatangelo.com\/index.php\/wp-json\/wp\/v2\/types\/post"}],"author":[{"embeddable":true,"href":"https:\/\/martine.tatangelo.com\/index.php\/wp-json\/wp\/v2\/users\/3"}],"replies":[{"embeddable":true,"href":"https:\/\/martine.tatangelo.com\/index.php\/wp-json\/wp\/v2\/comments?post=6881"}],"version-history":[{"count":4,"href":"https:\/\/martine.tatangelo.com\/index.php\/wp-json\/wp\/v2\/posts\/6881\/revisions"}],"predecessor-version":[{"id":6905,"href":"https:\/\/martine.tatangelo.com\/index.php\/wp-json\/wp\/v2\/posts\/6881\/revisions\/6905"}],"wp:featuredmedia":[{"embeddable":true,"href":"https:\/\/martine.tatangelo.com\/index.php\/wp-json\/wp\/v2\/media\/6907"}],"wp:attachment":[{"href":"https:\/\/martine.tatangelo.com\/index.php\/wp-json\/wp\/v2\/media?parent=6881"}],"wp:term":[{"taxonomy":"category","embeddable":true,"href":"https:\/\/martine.tatangelo.com\/index.php\/wp-json\/wp\/v2\/categories?post=6881"},{"taxonomy":"post_tag","embeddable":true,"href":"https:\/\/martine.tatangelo.com\/index.php\/wp-json\/wp\/v2\/tags?post=6881"}],"curies":[{"name":"wp","href":"https:\/\/api.w.org\/{rel}","templated":true}]}}