{"id":8555,"date":"2017-03-10T23:07:08","date_gmt":"2017-03-10T22:07:08","guid":{"rendered":"http:\/\/martine.tatangelo.com\/?p=8555"},"modified":"2017-12-31T12:35:32","modified_gmt":"2017-12-31T11:35:32","slug":"salta-la-linda","status":"publish","type":"post","link":"https:\/\/martine.tatangelo.com\/index.php\/2017\/03\/10\/salta-la-linda\/","title":{"rendered":"SALTA, la linda&#8230;"},"content":{"rendered":"<p class=\"p1\"><span class=\"s1\">Lundi, nous \u00e9tions \u00e0 Encarnacion lorsque nous avons appris que nos pneus avaient du retard et qu\u2019il ne seraient \u00e0 Ascension qu\u2019\u00e0 la fin du mois\u2026.Nous avons profit\u00e9 de l&rsquo;apr\u00e8s-midi pour nous baigner dans le Parana. \u00a0Les plages c\u00f4t\u00e9 paraguayen sont superbes et nous en avons bien profit\u00e9.<\/span><\/p>\n<figure id=\"attachment_8556\" aria-describedby=\"caption-attachment-8556\" style=\"width: 400px\" class=\"wp-caption aligncenter\"><img loading=\"lazy\" decoding=\"async\" class=\"size-medium wp-image-8556\" src=\"http:\/\/martine.tatangelo.com\/wp-content\/uploads\/2017\/03\/P3070109-400x225.jpg\" alt=\"Le Parana\" width=\"400\" height=\"225\" srcset=\"https:\/\/martine.tatangelo.com\/wp-content\/uploads\/2017\/03\/P3070109-400x225.jpg 400w, https:\/\/martine.tatangelo.com\/wp-content\/uploads\/2017\/03\/P3070109-768x432.jpg 768w, https:\/\/martine.tatangelo.com\/wp-content\/uploads\/2017\/03\/P3070109-1024x576.jpg 1024w\" sizes=\"auto, (max-width: 400px) 100vw, 400px\" \/><figcaption id=\"caption-attachment-8556\" class=\"wp-caption-text\">Le Parana<\/figcaption><\/figure>\n<p class=\"p1\"><span class=\"s1\">Mais nous prenons la d\u00e9cision de partir pour Salta en Argentine. Situ\u00e9e \u00e0 l\u2019extr\u00eame<span class=\"Apple-converted-space\">\u00a0 <\/span>nord-ouest, entre les fronti\u00e8re du Chili, de la Bolivie et du Paraguay, cette r\u00e9gion de hautes montagnes nous permettra peut-\u00eatre de souffler un peu car depuis 1 mois, les temp\u00e9ratures sont entre 35 et 40\u00b0, il fait chaud. <\/span><\/p>\n<p class=\"p1\"><span class=\"s1\">Nous avons 1200km \u00e0 faire de ligne droite pour aller sur Salta et nous traversons la r\u00e9gion du Chaco qui est une r\u00e9gion quasi-d\u00e9sertique faite de broussailles, de for\u00eats primaires entrecoup\u00e9s de temps \u00e0 autre de champs de ma\u00efs.<\/span><\/p>\n<figure id=\"attachment_8557\" aria-describedby=\"caption-attachment-8557\" style=\"width: 400px\" class=\"wp-caption aligncenter\"><img loading=\"lazy\" decoding=\"async\" class=\"size-medium wp-image-8557\" src=\"http:\/\/martine.tatangelo.com\/wp-content\/uploads\/2017\/03\/P3090117-400x225.jpg\" alt=\"1200 km de ligne droite....\" width=\"400\" height=\"225\" srcset=\"https:\/\/martine.tatangelo.com\/wp-content\/uploads\/2017\/03\/P3090117-400x225.jpg 400w, https:\/\/martine.tatangelo.com\/wp-content\/uploads\/2017\/03\/P3090117-768x432.jpg 768w, https:\/\/martine.tatangelo.com\/wp-content\/uploads\/2017\/03\/P3090117-1024x576.jpg 1024w\" sizes=\"auto, (max-width: 400px) 100vw, 400px\" \/><figcaption id=\"caption-attachment-8557\" class=\"wp-caption-text\">1200 km de ligne droite&#8230;.<\/figcaption><\/figure>\n<p class=\"p1\"><span class=\"s1\">Il fait +45\u00b0. A notre bivouac du mercredi soir, on nous a certifi\u00e9 que la temp\u00e9rature \u00e9tait presque cl\u00e9mente car elle pouvait, \u00e0 cette \u00e9poque, d\u00e9passer les 65\u00b0\u2026\u2026C\u2019est la saison des pluies, on esp\u00e9rait un orage mais non rien de rien juste cet air br\u00fblant. <\/span><\/p>\n<p class=\"p1\"><span class=\"s1\">Nous arrivons jeudi apr\u00e8s-midi \u00e0 Salta et nous allons au camping qui a une piscine. Pas de chance, elle est vide\u2026<\/span><\/p>\n<p class=\"p1\"><span class=\"s1\">Dans la nuit, l\u2019orage tant attendu est arriv\u00e9, violent et avec beaucoup d\u2019eau donc ce matin, il fait 20\u00b0 on a presque \u2026.froid. On visitera Salta sous les nuages et la bruine mais c\u2019est comme \u00e7a.<\/span><\/p>\n<p class=\"p1\"><span class=\"s1\">Salta est la ville la plus importante du NO argentin. Des maisons coloniales tout autour de la tr\u00e8s belle place 9 de Julio et tr\u00e8s bien mises en valeur.<\/span><\/p>\n<figure id=\"attachment_8558\" aria-describedby=\"caption-attachment-8558\" style=\"width: 400px\" class=\"wp-caption aligncenter\"><img loading=\"lazy\" decoding=\"async\" class=\"size-medium wp-image-8558\" src=\"http:\/\/martine.tatangelo.com\/wp-content\/uploads\/2017\/03\/P3100130-400x225.jpg\" alt=\"la rue pi\u00e9tonne \u00e0 11h le matin\" width=\"400\" height=\"225\" srcset=\"https:\/\/martine.tatangelo.com\/wp-content\/uploads\/2017\/03\/P3100130-400x225.jpg 400w, https:\/\/martine.tatangelo.com\/wp-content\/uploads\/2017\/03\/P3100130-768x432.jpg 768w, https:\/\/martine.tatangelo.com\/wp-content\/uploads\/2017\/03\/P3100130-1024x576.jpg 1024w\" sizes=\"auto, (max-width: 400px) 100vw, 400px\" \/><figcaption id=\"caption-attachment-8558\" class=\"wp-caption-text\">la rue pi\u00e9tonne \u00e0 11h le matin<\/figcaption><\/figure>\n<figure id=\"attachment_8559\" aria-describedby=\"caption-attachment-8559\" style=\"width: 400px\" class=\"wp-caption aligncenter\"><img loading=\"lazy\" decoding=\"async\" class=\"size-medium wp-image-8559\" src=\"http:\/\/martine.tatangelo.com\/wp-content\/uploads\/2017\/03\/P3100173-400x225.jpg\" alt=\"la m\u00eame rue mais \u00e0 15h pendant la sacro sainte sieste.\" width=\"400\" height=\"225\" srcset=\"https:\/\/martine.tatangelo.com\/wp-content\/uploads\/2017\/03\/P3100173-400x225.jpg 400w, https:\/\/martine.tatangelo.com\/wp-content\/uploads\/2017\/03\/P3100173-768x432.jpg 768w, https:\/\/martine.tatangelo.com\/wp-content\/uploads\/2017\/03\/P3100173-1024x576.jpg 1024w\" sizes=\"auto, (max-width: 400px) 100vw, 400px\" \/><figcaption id=\"caption-attachment-8559\" class=\"wp-caption-text\">la m\u00eame rue mais \u00e0 15h pendant la sacro sainte sieste.<\/figcaption><\/figure>\n<p class=\"p1\"><span class=\"s1\">Nous voulons faire du change car en Argentine, c\u2019est la gal\u00e8re pour avoir de l\u2019argent. Dans les TAB, on ne peut retirer que 2000 pesos soit 121\u20ac<span class=\"Apple-converted-space\">\u00a0 <\/span>et \u00e7a pas plus de 2 fois et pour faire du change euros-pesos, il faut aller \u00e0 la banque nationale o\u00f9 tu passes 2 \u00e0 3h. Nous avons v\u00e9rifier le taux de change ce matin et nous changeons dans la rue. On perd quelques centimes mais on ne perd pas de temps.<\/span><\/p>\n<p class=\"p1\"><img loading=\"lazy\" decoding=\"async\" class=\"aligncenter size-medium wp-image-8570\" src=\"http:\/\/martine.tatangelo.com\/wp-content\/uploads\/2017\/03\/P3100136-400x225.jpg\" alt=\"OLYMPUS DIGITAL CAMERA\" width=\"400\" height=\"225\" srcset=\"https:\/\/martine.tatangelo.com\/wp-content\/uploads\/2017\/03\/P3100136-400x225.jpg 400w, https:\/\/martine.tatangelo.com\/wp-content\/uploads\/2017\/03\/P3100136-768x432.jpg 768w, https:\/\/martine.tatangelo.com\/wp-content\/uploads\/2017\/03\/P3100136-1024x576.jpg 1024w\" sizes=\"auto, (max-width: 400px) 100vw, 400px\" \/><\/p>\n<figure id=\"attachment_8562\" aria-describedby=\"caption-attachment-8562\" style=\"width: 400px\" class=\"wp-caption aligncenter\"><img loading=\"lazy\" decoding=\"async\" class=\"size-medium wp-image-8562\" src=\"http:\/\/martine.tatangelo.com\/wp-content\/uploads\/2017\/03\/DSC4758-400x332.jpg\" alt=\"autour de la plaza 9 julio\" width=\"400\" height=\"332\" srcset=\"https:\/\/martine.tatangelo.com\/wp-content\/uploads\/2017\/03\/DSC4758-400x332.jpg 400w, https:\/\/martine.tatangelo.com\/wp-content\/uploads\/2017\/03\/DSC4758-768x638.jpg 768w, https:\/\/martine.tatangelo.com\/wp-content\/uploads\/2017\/03\/DSC4758-1024x850.jpg 1024w\" sizes=\"auto, (max-width: 400px) 100vw, 400px\" \/><figcaption id=\"caption-attachment-8562\" class=\"wp-caption-text\">autour de la plaza 9 julio<\/figcaption><\/figure>\n<p>Tout se passe autour de cette place centrale, restos, bistrots, orchestres mais eux, ont pli\u00e9 bagages en raison de la pluie.<img loading=\"lazy\" decoding=\"async\" class=\"aligncenter size-medium wp-image-8566\" src=\"http:\/\/martine.tatangelo.com\/wp-content\/uploads\/2017\/03\/DSC4715-400x267.jpg\" alt=\"_DSC4715\" width=\"400\" height=\"267\" srcset=\"https:\/\/martine.tatangelo.com\/wp-content\/uploads\/2017\/03\/DSC4715-400x267.jpg 400w, https:\/\/martine.tatangelo.com\/wp-content\/uploads\/2017\/03\/DSC4715-768x512.jpg 768w, https:\/\/martine.tatangelo.com\/wp-content\/uploads\/2017\/03\/DSC4715-1024x683.jpg 1024w\" sizes=\"auto, (max-width: 400px) 100vw, 400px\" \/><\/p>\n<figure id=\"attachment_8571\" aria-describedby=\"caption-attachment-8571\" style=\"width: 400px\" class=\"wp-caption aligncenter\"><img loading=\"lazy\" decoding=\"async\" class=\"size-medium wp-image-8571\" src=\"http:\/\/martine.tatangelo.com\/wp-content\/uploads\/2017\/03\/P3100137-400x225.jpg\" alt=\"artistes, orchestres...tout autour de la plaza\" width=\"400\" height=\"225\" srcset=\"https:\/\/martine.tatangelo.com\/wp-content\/uploads\/2017\/03\/P3100137-400x225.jpg 400w, https:\/\/martine.tatangelo.com\/wp-content\/uploads\/2017\/03\/P3100137-768x432.jpg 768w, https:\/\/martine.tatangelo.com\/wp-content\/uploads\/2017\/03\/P3100137-1024x576.jpg 1024w\" sizes=\"auto, (max-width: 400px) 100vw, 400px\" \/><figcaption id=\"caption-attachment-8571\" class=\"wp-caption-text\">artistes, orchestres&#8230;tout autour de la plaza<\/figcaption><\/figure>\n<p class=\"p1\"><span class=\"s1\">Visite de la tr\u00e8s belle cath\u00e9drale de Salta. il est vrai qu\u2019ici en Argentine, on ne voit pas beaucoup de belles \u00e9glises, ce ne sont souvent que des maisons, des b\u00e2timents tout a fait quelconque.<\/span><\/p>\n<figure id=\"attachment_8563\" aria-describedby=\"caption-attachment-8563\" style=\"width: 400px\" class=\"wp-caption aligncenter\"><img loading=\"lazy\" decoding=\"async\" class=\"size-medium wp-image-8563\" src=\"http:\/\/martine.tatangelo.com\/wp-content\/uploads\/2017\/03\/P3100140-400x225.jpg\" alt=\"Cath\u00e9drale de Salta\" width=\"400\" height=\"225\" srcset=\"https:\/\/martine.tatangelo.com\/wp-content\/uploads\/2017\/03\/P3100140-400x225.jpg 400w, https:\/\/martine.tatangelo.com\/wp-content\/uploads\/2017\/03\/P3100140-768x432.jpg 768w, https:\/\/martine.tatangelo.com\/wp-content\/uploads\/2017\/03\/P3100140-1024x576.jpg 1024w\" sizes=\"auto, (max-width: 400px) 100vw, 400px\" \/><figcaption id=\"caption-attachment-8563\" class=\"wp-caption-text\">Cath\u00e9drale de Salta<\/figcaption><\/figure>\n<figure id=\"attachment_8564\" aria-describedby=\"caption-attachment-8564\" style=\"width: 400px\" class=\"wp-caption aligncenter\"><img loading=\"lazy\" decoding=\"async\" class=\"size-medium wp-image-8564\" src=\"http:\/\/martine.tatangelo.com\/wp-content\/uploads\/2017\/03\/P3100142-400x225.jpg\" alt=\"tout est dor\u00e9 ...\" width=\"400\" height=\"225\" srcset=\"https:\/\/martine.tatangelo.com\/wp-content\/uploads\/2017\/03\/P3100142-400x225.jpg 400w, https:\/\/martine.tatangelo.com\/wp-content\/uploads\/2017\/03\/P3100142-768x432.jpg 768w, https:\/\/martine.tatangelo.com\/wp-content\/uploads\/2017\/03\/P3100142-1024x576.jpg 1024w\" sizes=\"auto, (max-width: 400px) 100vw, 400px\" \/><figcaption id=\"caption-attachment-8564\" class=\"wp-caption-text\">tout est dor\u00e9 &#8230;<\/figcaption><\/figure>\n<figure id=\"attachment_8565\" aria-describedby=\"caption-attachment-8565\" style=\"width: 400px\" class=\"wp-caption aligncenter\"><img loading=\"lazy\" decoding=\"async\" class=\"size-medium wp-image-8565\" src=\"http:\/\/martine.tatangelo.com\/wp-content\/uploads\/2017\/03\/DSC4719-400x267.jpg\" alt=\"m\u00eame l'autel\" width=\"400\" height=\"267\" srcset=\"https:\/\/martine.tatangelo.com\/wp-content\/uploads\/2017\/03\/DSC4719-400x267.jpg 400w, https:\/\/martine.tatangelo.com\/wp-content\/uploads\/2017\/03\/DSC4719-768x512.jpg 768w, https:\/\/martine.tatangelo.com\/wp-content\/uploads\/2017\/03\/DSC4719-1024x683.jpg 1024w\" sizes=\"auto, (max-width: 400px) 100vw, 400px\" \/><figcaption id=\"caption-attachment-8565\" class=\"wp-caption-text\">m\u00eame l&rsquo;autel<\/figcaption><\/figure>\n<p>En prime, vous avez droit \u00e0l&rsquo;Eglise San Francisco avec sa tour de 54m de haut.<\/p>\n<figure id=\"attachment_8569\" aria-describedby=\"caption-attachment-8569\" style=\"width: 400px\" class=\"wp-caption aligncenter\"><img loading=\"lazy\" decoding=\"async\" class=\"size-medium wp-image-8569\" src=\"http:\/\/martine.tatangelo.com\/wp-content\/uploads\/2017\/03\/DSC4750-400x321.jpg\" alt=\"l'\u00e9glise San Francisco et la statue de St Fran\u00e7ois d'Assise\" width=\"400\" height=\"321\" srcset=\"https:\/\/martine.tatangelo.com\/wp-content\/uploads\/2017\/03\/DSC4750-400x321.jpg 400w, https:\/\/martine.tatangelo.com\/wp-content\/uploads\/2017\/03\/DSC4750-768x617.jpg 768w, https:\/\/martine.tatangelo.com\/wp-content\/uploads\/2017\/03\/DSC4750-1024x823.jpg 1024w\" sizes=\"auto, (max-width: 400px) 100vw, 400px\" \/><figcaption id=\"caption-attachment-8569\" class=\"wp-caption-text\">l&rsquo;\u00e9glise San Francisco et la statue de St Fran\u00e7ois d&rsquo;Assise<\/figcaption><\/figure>\n<figure id=\"attachment_8568\" aria-describedby=\"caption-attachment-8568\" style=\"width: 400px\" class=\"wp-caption aligncenter\"><img loading=\"lazy\" decoding=\"async\" class=\"size-medium wp-image-8568\" src=\"http:\/\/martine.tatangelo.com\/wp-content\/uploads\/2017\/03\/DSC4745-400x267.jpg\" alt=\"le christ Miracle\" width=\"400\" height=\"267\" srcset=\"https:\/\/martine.tatangelo.com\/wp-content\/uploads\/2017\/03\/DSC4745-400x267.jpg 400w, https:\/\/martine.tatangelo.com\/wp-content\/uploads\/2017\/03\/DSC4745-768x512.jpg 768w, https:\/\/martine.tatangelo.com\/wp-content\/uploads\/2017\/03\/DSC4745-1024x683.jpg 1024w\" sizes=\"auto, (max-width: 400px) 100vw, 400px\" \/><figcaption id=\"caption-attachment-8568\" class=\"wp-caption-text\">le christ Miracle<\/figcaption><\/figure>\n<p class=\"p1\"><span class=\"s1\">Dans la rue, on remarque que les gens sont beaucoup plus typ\u00e9s, ici, c\u2019est le dernier bastion am\u00e9rindien d\u2019Argentine. Certains parlent le \u00ab\u00a0quechua\u00a0\u00bb, langue de leurs anc\u00eatres. C&rsquo;est peut-\u00eatre pour \u00e7a quand reprenant le bus pour rentrer au camping, on a rien compris et on a fait le tour \u00a0complet. Mais rassurez-vous on est bien rentr\u00e9 tout de m\u00eame&#8230;<\/span><\/p>\n","protected":false},"excerpt":{"rendered":"<p>Lundi, nous \u00e9tions \u00e0 Encarnacion lorsque nous avons appris que nos pneus avaient du retard&#8230;<\/p>\n","protected":false},"author":3,"featured_media":8578,"comment_status":"open","ping_status":"open","sticky":false,"template":"","format":"standard","meta":{"footnotes":""},"categories":[120,104],"tags":[],"class_list":["post-8555","post","type-post","status-publish","format-standard","has-post-thumbnail","hentry","category-fevrier-2017-juin-2017","category-argentine"],"_links":{"self":[{"href":"https:\/\/martine.tatangelo.com\/index.php\/wp-json\/wp\/v2\/posts\/8555","targetHints":{"allow":["GET"]}}],"collection":[{"href":"https:\/\/martine.tatangelo.com\/index.php\/wp-json\/wp\/v2\/posts"}],"about":[{"href":"https:\/\/martine.tatangelo.com\/index.php\/wp-json\/wp\/v2\/types\/post"}],"author":[{"embeddable":true,"href":"https:\/\/martine.tatangelo.com\/index.php\/wp-json\/wp\/v2\/users\/3"}],"replies":[{"embeddable":true,"href":"https:\/\/martine.tatangelo.com\/index.php\/wp-json\/wp\/v2\/comments?post=8555"}],"version-history":[{"count":6,"href":"https:\/\/martine.tatangelo.com\/index.php\/wp-json\/wp\/v2\/posts\/8555\/revisions"}],"predecessor-version":[{"id":8579,"href":"https:\/\/martine.tatangelo.com\/index.php\/wp-json\/wp\/v2\/posts\/8555\/revisions\/8579"}],"wp:featuredmedia":[{"embeddable":true,"href":"https:\/\/martine.tatangelo.com\/index.php\/wp-json\/wp\/v2\/media\/8578"}],"wp:attachment":[{"href":"https:\/\/martine.tatangelo.com\/index.php\/wp-json\/wp\/v2\/media?parent=8555"}],"wp:term":[{"taxonomy":"category","embeddable":true,"href":"https:\/\/martine.tatangelo.com\/index.php\/wp-json\/wp\/v2\/categories?post=8555"},{"taxonomy":"post_tag","embeddable":true,"href":"https:\/\/martine.tatangelo.com\/index.php\/wp-json\/wp\/v2\/tags?post=8555"}],"curies":[{"name":"wp","href":"https:\/\/api.w.org\/{rel}","templated":true}]}}