{"id":9672,"date":"2017-10-15T00:36:31","date_gmt":"2017-10-14T23:36:31","guid":{"rendered":"http:\/\/martine.tatangelo.com\/?p=9672"},"modified":"2019-07-17T08:25:25","modified_gmt":"2019-07-17T07:25:25","slug":"brasilia-capitale-du-bresil-classee-par-lunesco","status":"publish","type":"post","link":"https:\/\/martine.tatangelo.com\/index.php\/2017\/10\/15\/brasilia-capitale-du-bresil-classee-par-lunesco\/","title":{"rendered":"BRASILIA, capitale du Br\u00e9sil, class\u00e9e par l&rsquo;Unesco"},"content":{"rendered":"<p>Nous quittons Pirenopolis par une belle route. Nous passons devant la tr\u00e8s belle cascade de Corumba<\/p>\n<p><img loading=\"lazy\" decoding=\"async\" class=\"size-medium wp-image-9673\" src=\"http:\/\/martine.tatangelo.com\/wp-content\/uploads\/2017\/10\/PA130037-400x225.jpg\" alt=\"OLYMPUS DIGITAL CAMERA\" width=\"400\" height=\"225\" srcset=\"https:\/\/martine.tatangelo.com\/wp-content\/uploads\/2017\/10\/PA130037-400x225.jpg 400w, https:\/\/martine.tatangelo.com\/wp-content\/uploads\/2017\/10\/PA130037-768x432.jpg 768w, https:\/\/martine.tatangelo.com\/wp-content\/uploads\/2017\/10\/PA130037-1024x576.jpg 1024w, https:\/\/martine.tatangelo.com\/wp-content\/uploads\/2017\/10\/PA130037.jpg 1280w\" sizes=\"auto, (max-width: 400px) 100vw, 400px\" \/><\/p>\n<p>Le Goias\u00a0 fut un temps le repaire des orpailleurs mais vite abandonn\u00e9 car les filons \u00e9taient trop peu prolifiques. Par contre, de l&rsquo;or jaune on et pass\u00e9 \u00e0\u00a0 l&rsquo;or vert qui fait les fortunes des fermiers. Des champs de colza, de canne \u00e0 sucre, de ma\u00efs par milliers d&rsquo;hectares. Il faut rappeler que le Br\u00e9sil est \u00e0 90% autonome en \u00e9nergie gr\u00e2ce aux bio-carburants et aux centrales hydrauliques.<\/p>\n<p>La banlieue de Brasilia est d\u00e9bordante de vie. Tout le long de la route, supermarch\u00e9s, concessionnaires auto, m\u00e9cano\u2026<\/p>\n<p>Nous arrivons vers 11h dans le c\u0153ur Brasilia mais avant petit rappel\u00a0:<\/p>\n<p>Nous sommes en1956, le Pr\u00e9sident br\u00e9sililen Kubitschek demande \u00e0 l&rsquo;architecte Niemeyer de cr\u00e9er une ville dans le Goias. C&rsquo;\u00e9tait pour ouvrir l&rsquo;int\u00e9rieur du pays au commerce et se tourner vers l&rsquo;avenir. En 4 ans, le projet devient r\u00e9alit\u00e9 et d&rsquo;un terrain nu, la ville se construit avec l&rsquo;urbaniste Costa.<\/p>\n<p>C&rsquo;est la seule ville du 20\u00e8me S. class\u00e9e par l&rsquo;Unesco<\/p>\n<p>On aime ou on n\u2019aime pas mais on ne reste pas indiff\u00e9rent \u00e0 Brasilia.<\/p>\n<p>Elle a \u00e9t\u00e9 con\u00e7ue pour \u00eatre une ville avant-gardiste et elle l\u2019est m\u00eame encore de nos jours. Lorsque l\u2019on regarde le plan de Brasilia, on remarque tout de suite le plan en forme de cockpit d\u2019avion. Les avenues sont larges pas moins de 2X6 voies plus le terre plein central qui peut faire entre 50 et 150m, il y a des parcs, des centres commerciaux mais aussi des immeubles tous cubiques \u00e7a c\u2019\u00e9tait pour \u00e9viter les diff\u00e9rences sociales\u00a0: tout le monde avait le m\u00eame type de logement.<\/p>\n<p>J\u2019imagine bien les fonctionnaires des minist\u00e8res, des ambassades lorsqu\u2019il leur a fallu quitter Rio de Janeiro pour cette nouvelle capitale au fin fond du Goias.<\/p>\n<p>Les principaux b\u00e2timents qui font la renomm\u00e9e de Brasilia se concentrent sur l\u2019Eixo Monumental.<\/p>\n<p>Notre 1<sup>er<\/sup> arr\u00eat sera pour la tr\u00e8s belle place \u00ab\u00a0dos cristals\u00a0\u00bb. Elle, elle n&rsquo;est pas sur l&rsquo;Eixo<\/p>\n<p><img loading=\"lazy\" decoding=\"async\" class=\"aligncenter size-medium wp-image-9674\" src=\"http:\/\/martine.tatangelo.com\/wp-content\/uploads\/2017\/10\/DSC2246-400x267.jpg\" alt=\"_DSC2246\" width=\"400\" height=\"267\" srcset=\"https:\/\/martine.tatangelo.com\/wp-content\/uploads\/2017\/10\/DSC2246-400x267.jpg 400w, https:\/\/martine.tatangelo.com\/wp-content\/uploads\/2017\/10\/DSC2246-768x512.jpg 768w, https:\/\/martine.tatangelo.com\/wp-content\/uploads\/2017\/10\/DSC2246-1024x682.jpg 1024w, https:\/\/martine.tatangelo.com\/wp-content\/uploads\/2017\/10\/DSC2246.jpg 1280w\" sizes=\"auto, (max-width: 400px) 100vw, 400px\" \/><\/p>\n<p>Nous faisons la connaissance d\u2019un militaire br\u00e9silien en poste \u00e0 Brasilia et qui fait visiter la capitale \u00e0 des amis. Il parle tr\u00e8s bien le fran\u00e7ais et se fait un plaisir de nous faire le guide et de nous expliquer la signification de la place qui fait face au b\u00e2timent des Arm\u00e9es. Celle-ci fait un triangle parfait qui signifie les 3 pouvoirs\u00a0: celui de la justice, celui de l\u2019ex\u00e9cutif, l\u00e9gislatif. Le symbole des cristaux de quartz c\u2019est pour la force et la richesse souterraine.<img loading=\"lazy\" decoding=\"async\" class=\"aligncenter size-medium wp-image-9675\" src=\"http:\/\/martine.tatangelo.com\/wp-content\/uploads\/2017\/10\/DSC2244-400x267.jpg\" alt=\"_DSC2244\" width=\"400\" height=\"267\" srcset=\"https:\/\/martine.tatangelo.com\/wp-content\/uploads\/2017\/10\/DSC2244-400x267.jpg 400w, https:\/\/martine.tatangelo.com\/wp-content\/uploads\/2017\/10\/DSC2244-768x512.jpg 768w, https:\/\/martine.tatangelo.com\/wp-content\/uploads\/2017\/10\/DSC2244-1024x682.jpg 1024w, https:\/\/martine.tatangelo.com\/wp-content\/uploads\/2017\/10\/DSC2244.jpg 1280w\" sizes=\"auto, (max-width: 400px) 100vw, 400px\" \/><img loading=\"lazy\" decoding=\"async\" class=\"aligncenter size-medium wp-image-9676\" src=\"http:\/\/martine.tatangelo.com\/wp-content\/uploads\/2017\/10\/DSC2249-400x267.jpg\" alt=\"_DSC2249\" width=\"400\" height=\"267\" srcset=\"https:\/\/martine.tatangelo.com\/wp-content\/uploads\/2017\/10\/DSC2249-400x267.jpg 400w, https:\/\/martine.tatangelo.com\/wp-content\/uploads\/2017\/10\/DSC2249-768x512.jpg 768w, https:\/\/martine.tatangelo.com\/wp-content\/uploads\/2017\/10\/DSC2249-1024x682.jpg 1024w, https:\/\/martine.tatangelo.com\/wp-content\/uploads\/2017\/10\/DSC2249.jpg 1280w\" sizes=\"auto, (max-width: 400px) 100vw, 400px\" \/><\/p>\n<p>&nbsp;<\/p>\n<p>Apr\u00e8s les photos et la promesse d\u2019un mail pour nous indiquer comment faire au mieux l\u2019Amazonie, nous repartons vers le centre.<\/p>\n<p>&nbsp;<\/p>\n<p>Il y a en tout premier le m\u00e9morial du Pr\u00e9sident Kubitschek que nous visiterons en fin d\u2019apr\u00e8s-midi.<img loading=\"lazy\" decoding=\"async\" class=\"aligncenter size-medium wp-image-9677\" src=\"http:\/\/martine.tatangelo.com\/wp-content\/uploads\/2017\/10\/DSC2253-400x267.jpg\" alt=\"_DSC2253\" width=\"400\" height=\"267\" srcset=\"https:\/\/martine.tatangelo.com\/wp-content\/uploads\/2017\/10\/DSC2253-400x267.jpg 400w, https:\/\/martine.tatangelo.com\/wp-content\/uploads\/2017\/10\/DSC2253-768x512.jpg 768w, https:\/\/martine.tatangelo.com\/wp-content\/uploads\/2017\/10\/DSC2253-1024x682.jpg 1024w, https:\/\/martine.tatangelo.com\/wp-content\/uploads\/2017\/10\/DSC2253.jpg 1280w\" sizes=\"auto, (max-width: 400px) 100vw, 400px\" \/><\/p>\n<p>&nbsp;<\/p>\n<p>Puis au loin, la tour de TV haute de 224m.Nous nous arr\u00eatons \u00e0 la cath\u00e9drale. Elle est connue dans le monde entier pour son architecture.<img loading=\"lazy\" decoding=\"async\" class=\"aligncenter size-medium wp-image-9678\" src=\"http:\/\/martine.tatangelo.com\/wp-content\/uploads\/2017\/10\/DSC2258-400x267.jpg\" alt=\"_DSC2258\" width=\"400\" height=\"267\" srcset=\"https:\/\/martine.tatangelo.com\/wp-content\/uploads\/2017\/10\/DSC2258-400x267.jpg 400w, https:\/\/martine.tatangelo.com\/wp-content\/uploads\/2017\/10\/DSC2258-768x512.jpg 768w, https:\/\/martine.tatangelo.com\/wp-content\/uploads\/2017\/10\/DSC2258-1024x682.jpg 1024w, https:\/\/martine.tatangelo.com\/wp-content\/uploads\/2017\/10\/DSC2258.jpg 1280w\" sizes=\"auto, (max-width: 400px) 100vw, 400px\" \/><\/p>\n<p>On passe devant les 4 statues des disciples et on acc\u00e8de par une all\u00e9e en contrebas.<\/p>\n<p><img loading=\"lazy\" decoding=\"async\" class=\"aligncenter size-medium wp-image-9679\" src=\"http:\/\/martine.tatangelo.com\/wp-content\/uploads\/2017\/10\/DSC2265-400x267.jpg\" alt=\"_DSC2265\" width=\"400\" height=\"267\" srcset=\"https:\/\/martine.tatangelo.com\/wp-content\/uploads\/2017\/10\/DSC2265-400x267.jpg 400w, https:\/\/martine.tatangelo.com\/wp-content\/uploads\/2017\/10\/DSC2265-768x512.jpg 768w, https:\/\/martine.tatangelo.com\/wp-content\/uploads\/2017\/10\/DSC2265-1024x682.jpg 1024w, https:\/\/martine.tatangelo.com\/wp-content\/uploads\/2017\/10\/DSC2265.jpg 1280w\" sizes=\"auto, (max-width: 400px) 100vw, 400px\" \/>Le d\u00f4me repr\u00e9senterait une couronne d\u2019\u00e9pines mais c\u2019est surtout tr\u00e8s harmonieux \u00e0 l\u2019int\u00e9rieur.<img loading=\"lazy\" decoding=\"async\" class=\"aligncenter size-medium wp-image-9680\" src=\"http:\/\/martine.tatangelo.com\/wp-content\/uploads\/2017\/10\/DSC2268-400x267.jpg\" alt=\"_DSC2268\" width=\"400\" height=\"267\" srcset=\"https:\/\/martine.tatangelo.com\/wp-content\/uploads\/2017\/10\/DSC2268-400x267.jpg 400w, https:\/\/martine.tatangelo.com\/wp-content\/uploads\/2017\/10\/DSC2268-768x512.jpg 768w, https:\/\/martine.tatangelo.com\/wp-content\/uploads\/2017\/10\/DSC2268-1024x682.jpg 1024w, https:\/\/martine.tatangelo.com\/wp-content\/uploads\/2017\/10\/DSC2268.jpg 1280w\" sizes=\"auto, (max-width: 400px) 100vw, 400px\" \/><img loading=\"lazy\" decoding=\"async\" class=\"aligncenter size-medium wp-image-9681\" src=\"http:\/\/martine.tatangelo.com\/wp-content\/uploads\/2017\/10\/DSC2271-400x267.jpg\" alt=\"_DSC2271\" width=\"400\" height=\"267\" srcset=\"https:\/\/martine.tatangelo.com\/wp-content\/uploads\/2017\/10\/DSC2271-400x267.jpg 400w, https:\/\/martine.tatangelo.com\/wp-content\/uploads\/2017\/10\/DSC2271-768x512.jpg 768w, https:\/\/martine.tatangelo.com\/wp-content\/uploads\/2017\/10\/DSC2271-1024x682.jpg 1024w, https:\/\/martine.tatangelo.com\/wp-content\/uploads\/2017\/10\/DSC2271.jpg 1280w\" sizes=\"auto, (max-width: 400px) 100vw, 400px\" \/><img loading=\"lazy\" decoding=\"async\" class=\"aligncenter size-medium wp-image-9682\" src=\"http:\/\/martine.tatangelo.com\/wp-content\/uploads\/2017\/10\/DSC2272-400x267.jpg\" alt=\"_DSC2272\" width=\"400\" height=\"267\" srcset=\"https:\/\/martine.tatangelo.com\/wp-content\/uploads\/2017\/10\/DSC2272-400x267.jpg 400w, https:\/\/martine.tatangelo.com\/wp-content\/uploads\/2017\/10\/DSC2272-768x512.jpg 768w, https:\/\/martine.tatangelo.com\/wp-content\/uploads\/2017\/10\/DSC2272-1024x682.jpg 1024w, https:\/\/martine.tatangelo.com\/wp-content\/uploads\/2017\/10\/DSC2272.jpg 1280w\" sizes=\"auto, (max-width: 400px) 100vw, 400px\" \/><\/p>\n<p>&nbsp;<\/p>\n<p>A c\u00f4t\u00e9, le mus\u00e9e national. Alors l\u00e0, G\u00e9rard a ador\u00e9 l\u2019architecture et sa rampe incurv\u00e9e qui symbolise l\u2019anneau tel Saturne. Prouesse technique surtout fait en 1956\u00a0! l\u2019ann\u00e9e de ma naissance. Ce n\u2019est pas non plus si vieux que \u00e7a.<img loading=\"lazy\" decoding=\"async\" class=\"aligncenter size-medium wp-image-9683\" src=\"http:\/\/martine.tatangelo.com\/wp-content\/uploads\/2017\/10\/DSC2256-400x267.jpg\" alt=\"_DSC2256\" width=\"400\" height=\"267\" srcset=\"https:\/\/martine.tatangelo.com\/wp-content\/uploads\/2017\/10\/DSC2256-400x267.jpg 400w, https:\/\/martine.tatangelo.com\/wp-content\/uploads\/2017\/10\/DSC2256-768x512.jpg 768w, https:\/\/martine.tatangelo.com\/wp-content\/uploads\/2017\/10\/DSC2256-1024x682.jpg 1024w, https:\/\/martine.tatangelo.com\/wp-content\/uploads\/2017\/10\/DSC2256.jpg 1280w\" sizes=\"auto, (max-width: 400px) 100vw, 400px\" \/><img loading=\"lazy\" decoding=\"async\" class=\"aligncenter size-medium wp-image-9684\" src=\"http:\/\/martine.tatangelo.com\/wp-content\/uploads\/2017\/10\/DSC2295-400x267.jpg\" alt=\"_DSC2295\" width=\"400\" height=\"267\" srcset=\"https:\/\/martine.tatangelo.com\/wp-content\/uploads\/2017\/10\/DSC2295-400x267.jpg 400w, https:\/\/martine.tatangelo.com\/wp-content\/uploads\/2017\/10\/DSC2295-768x512.jpg 768w, https:\/\/martine.tatangelo.com\/wp-content\/uploads\/2017\/10\/DSC2295-1024x682.jpg 1024w, https:\/\/martine.tatangelo.com\/wp-content\/uploads\/2017\/10\/DSC2295.jpg 1280w\" sizes=\"auto, (max-width: 400px) 100vw, 400px\" \/><\/p>\n<p>G\u00e9rard qui adore le b\u00e9ton est \u00e0 la noce.<img loading=\"lazy\" decoding=\"async\" class=\"aligncenter size-medium wp-image-9686\" src=\"http:\/\/martine.tatangelo.com\/wp-content\/uploads\/2017\/10\/DSC2304-400x267.jpg\" alt=\"_DSC2304\" width=\"400\" height=\"267\" srcset=\"https:\/\/martine.tatangelo.com\/wp-content\/uploads\/2017\/10\/DSC2304-400x267.jpg 400w, https:\/\/martine.tatangelo.com\/wp-content\/uploads\/2017\/10\/DSC2304-768x512.jpg 768w, https:\/\/martine.tatangelo.com\/wp-content\/uploads\/2017\/10\/DSC2304-1024x682.jpg 1024w, https:\/\/martine.tatangelo.com\/wp-content\/uploads\/2017\/10\/DSC2304.jpg 1280w\" sizes=\"auto, (max-width: 400px) 100vw, 400px\" \/><\/p>\n<p>Dans le mus\u00e9e une exposition d\u2019art contemporain. Bon ce n\u2019est pas ma tasse de th\u00e9 mais c\u2019\u00e9tait sympa.<img loading=\"lazy\" decoding=\"async\" class=\"aligncenter size-medium wp-image-9685\" src=\"http:\/\/martine.tatangelo.com\/wp-content\/uploads\/2017\/10\/DSC2309-400x267.jpg\" alt=\"_DSC2309\" width=\"400\" height=\"267\" srcset=\"https:\/\/martine.tatangelo.com\/wp-content\/uploads\/2017\/10\/DSC2309-400x267.jpg 400w, https:\/\/martine.tatangelo.com\/wp-content\/uploads\/2017\/10\/DSC2309-768x512.jpg 768w, https:\/\/martine.tatangelo.com\/wp-content\/uploads\/2017\/10\/DSC2309-1024x682.jpg 1024w, https:\/\/martine.tatangelo.com\/wp-content\/uploads\/2017\/10\/DSC2309.jpg 1280w\" sizes=\"auto, (max-width: 400px) 100vw, 400px\" \/><\/p>\n<p><img loading=\"lazy\" decoding=\"async\" class=\"aligncenter size-medium wp-image-9687\" src=\"http:\/\/martine.tatangelo.com\/wp-content\/uploads\/2017\/10\/DSC2311-400x267.jpg\" alt=\"_DSC2311\" width=\"400\" height=\"267\" srcset=\"https:\/\/martine.tatangelo.com\/wp-content\/uploads\/2017\/10\/DSC2311-400x267.jpg 400w, https:\/\/martine.tatangelo.com\/wp-content\/uploads\/2017\/10\/DSC2311-768x512.jpg 768w, https:\/\/martine.tatangelo.com\/wp-content\/uploads\/2017\/10\/DSC2311-1024x682.jpg 1024w, https:\/\/martine.tatangelo.com\/wp-content\/uploads\/2017\/10\/DSC2311.jpg 1280w\" sizes=\"auto, (max-width: 400px) 100vw, 400px\" \/><\/p>\n<figure id=\"attachment_9688\" aria-describedby=\"caption-attachment-9688\" style=\"width: 400px\" class=\"wp-caption aligncenter\"><img loading=\"lazy\" decoding=\"async\" class=\"size-medium wp-image-9688\" src=\"http:\/\/martine.tatangelo.com\/wp-content\/uploads\/2017\/10\/DSC2320-400x267.jpg\" alt=\"\u00e7a c'est de l'art\" width=\"400\" height=\"267\" srcset=\"https:\/\/martine.tatangelo.com\/wp-content\/uploads\/2017\/10\/DSC2320-400x267.jpg 400w, https:\/\/martine.tatangelo.com\/wp-content\/uploads\/2017\/10\/DSC2320-768x512.jpg 768w, https:\/\/martine.tatangelo.com\/wp-content\/uploads\/2017\/10\/DSC2320-1024x682.jpg 1024w, https:\/\/martine.tatangelo.com\/wp-content\/uploads\/2017\/10\/DSC2320.jpg 1280w\" sizes=\"auto, (max-width: 400px) 100vw, 400px\" \/><figcaption id=\"caption-attachment-9688\" class=\"wp-caption-text\">\u00e7a c&rsquo;est de l&rsquo;art !<\/figcaption><\/figure>\n<figure id=\"attachment_9689\" aria-describedby=\"caption-attachment-9689\" style=\"width: 400px\" class=\"wp-caption aligncenter\"><img loading=\"lazy\" decoding=\"async\" class=\"size-medium wp-image-9689\" src=\"http:\/\/martine.tatangelo.com\/wp-content\/uploads\/2017\/10\/DSC2322-400x600.jpg\" alt=\"G\u00e9rard pr\u00e9f\u00e8re celui-ci\" width=\"400\" height=\"600\" srcset=\"https:\/\/martine.tatangelo.com\/wp-content\/uploads\/2017\/10\/DSC2322-400x600.jpg 400w, https:\/\/martine.tatangelo.com\/wp-content\/uploads\/2017\/10\/DSC2322-768x1152.jpg 768w, https:\/\/martine.tatangelo.com\/wp-content\/uploads\/2017\/10\/DSC2322-682x1024.jpg 682w, https:\/\/martine.tatangelo.com\/wp-content\/uploads\/2017\/10\/DSC2322.jpg 853w\" sizes=\"auto, (max-width: 400px) 100vw, 400px\" \/><figcaption id=\"caption-attachment-9689\" class=\"wp-caption-text\">G\u00e9rard pr\u00e9f\u00e8re celui-ci<\/figcaption><\/figure>\n<p>Face au mus\u00e9e national, la biblioth\u00e8que nationale.<img loading=\"lazy\" decoding=\"async\" class=\"aligncenter size-medium wp-image-9690\" src=\"http:\/\/martine.tatangelo.com\/wp-content\/uploads\/2017\/10\/DSC2299-400x267.jpg\" alt=\"_DSC2299\" width=\"400\" height=\"267\" srcset=\"https:\/\/martine.tatangelo.com\/wp-content\/uploads\/2017\/10\/DSC2299-400x267.jpg 400w, https:\/\/martine.tatangelo.com\/wp-content\/uploads\/2017\/10\/DSC2299-768x512.jpg 768w, https:\/\/martine.tatangelo.com\/wp-content\/uploads\/2017\/10\/DSC2299-1024x682.jpg 1024w, https:\/\/martine.tatangelo.com\/wp-content\/uploads\/2017\/10\/DSC2299.jpg 1280w\" sizes=\"auto, (max-width: 400px) 100vw, 400px\" \/><\/p>\n<p>&nbsp;<\/p>\n<p>En remontant toujours l\u2019Exo Monumental, on a les b\u00e2timents des diff\u00e9rents minist\u00e8res, tous identiques\u00a0: des parallepip\u00e8des pas tr\u00e8s jolis puis le tr\u00e8s beau palacio do Itamaraty qui est le minist\u00e8re des affaires \u00e9trang\u00e8res. Il est entour\u00e9 de bassins et de jardins flottants.<img loading=\"lazy\" decoding=\"async\" class=\"aligncenter size-medium wp-image-9691\" src=\"http:\/\/martine.tatangelo.com\/wp-content\/uploads\/2017\/10\/DSC2348-400x267.jpg\" alt=\"_DSC2348\" width=\"400\" height=\"267\" srcset=\"https:\/\/martine.tatangelo.com\/wp-content\/uploads\/2017\/10\/DSC2348-400x267.jpg 400w, https:\/\/martine.tatangelo.com\/wp-content\/uploads\/2017\/10\/DSC2348-768x512.jpg 768w, https:\/\/martine.tatangelo.com\/wp-content\/uploads\/2017\/10\/DSC2348-1024x682.jpg 1024w, https:\/\/martine.tatangelo.com\/wp-content\/uploads\/2017\/10\/DSC2348.jpg 1280w\" sizes=\"auto, (max-width: 400px) 100vw, 400px\" \/><img loading=\"lazy\" decoding=\"async\" class=\"aligncenter size-medium wp-image-9692\" src=\"http:\/\/martine.tatangelo.com\/wp-content\/uploads\/2017\/10\/DSC2351-400x267.jpg\" alt=\"_DSC2351\" width=\"400\" height=\"267\" srcset=\"https:\/\/martine.tatangelo.com\/wp-content\/uploads\/2017\/10\/DSC2351-400x267.jpg 400w, https:\/\/martine.tatangelo.com\/wp-content\/uploads\/2017\/10\/DSC2351-768x512.jpg 768w, https:\/\/martine.tatangelo.com\/wp-content\/uploads\/2017\/10\/DSC2351-1024x682.jpg 1024w, https:\/\/martine.tatangelo.com\/wp-content\/uploads\/2017\/10\/DSC2351.jpg 1280w\" sizes=\"auto, (max-width: 400px) 100vw, 400px\" \/><img loading=\"lazy\" decoding=\"async\" class=\"aligncenter size-medium wp-image-9693\" src=\"http:\/\/martine.tatangelo.com\/wp-content\/uploads\/2017\/10\/DSC2356-400x267.jpg\" alt=\"_DSC2356\" width=\"400\" height=\"267\" srcset=\"https:\/\/martine.tatangelo.com\/wp-content\/uploads\/2017\/10\/DSC2356-400x267.jpg 400w, https:\/\/martine.tatangelo.com\/wp-content\/uploads\/2017\/10\/DSC2356-768x512.jpg 768w, https:\/\/martine.tatangelo.com\/wp-content\/uploads\/2017\/10\/DSC2356-1024x682.jpg 1024w, https:\/\/martine.tatangelo.com\/wp-content\/uploads\/2017\/10\/DSC2356.jpg 1280w\" sizes=\"auto, (max-width: 400px) 100vw, 400px\" \/><\/p>\n<p>&nbsp;<\/p>\n<p>Puis ce sera le congr\u00e8s national avec en fond les tours jumelles du Parlement. L\u2019id\u00e9e des coupoles symbolise l\u2019ouverture de l\u2019esprit \u00e0 toutes les id\u00e9ologies avec les 2 tours jumelles<img loading=\"lazy\" decoding=\"async\" class=\"aligncenter size-medium wp-image-9694\" src=\"http:\/\/martine.tatangelo.com\/wp-content\/uploads\/2017\/10\/DSC2342-400x267.jpg\" alt=\"_DSC2342\" width=\"400\" height=\"267\" srcset=\"https:\/\/martine.tatangelo.com\/wp-content\/uploads\/2017\/10\/DSC2342-400x267.jpg 400w, https:\/\/martine.tatangelo.com\/wp-content\/uploads\/2017\/10\/DSC2342-768x512.jpg 768w, https:\/\/martine.tatangelo.com\/wp-content\/uploads\/2017\/10\/DSC2342-1024x682.jpg 1024w, https:\/\/martine.tatangelo.com\/wp-content\/uploads\/2017\/10\/DSC2342.jpg 1280w\" sizes=\"auto, (max-width: 400px) 100vw, 400px\" \/><\/p>\n<p>&nbsp;<\/p>\n<p>En face, le Palais de la Justice avec devant un bassin avec des carpes.<\/p>\n<p>&nbsp;<\/p>\n<p><img loading=\"lazy\" decoding=\"async\" class=\"aligncenter size-medium wp-image-9695\" src=\"http:\/\/martine.tatangelo.com\/wp-content\/uploads\/2017\/10\/DSC2392-400x267.jpg\" alt=\"_DSC2392\" width=\"400\" height=\"267\" srcset=\"https:\/\/martine.tatangelo.com\/wp-content\/uploads\/2017\/10\/DSC2392-400x267.jpg 400w, https:\/\/martine.tatangelo.com\/wp-content\/uploads\/2017\/10\/DSC2392-768x512.jpg 768w, https:\/\/martine.tatangelo.com\/wp-content\/uploads\/2017\/10\/DSC2392-1024x682.jpg 1024w, https:\/\/martine.tatangelo.com\/wp-content\/uploads\/2017\/10\/DSC2392.jpg 1280w\" sizes=\"auto, (max-width: 400px) 100vw, 400px\" \/>Nous arrivons \u00e0 la \u00ab\u00a0Pra\u00e7a dos Tr\u00e8s Poderes\u00a0\u00bb la place aux trois pouvoirs\u00a0: l\u00e9gislatif, ex\u00e9cutif et justice.<\/p>\n<p>L\u00e0, on y voit le Palais de Planalto qui est le si\u00e8ge de la pr\u00e9sidence.<\/p>\n<p><img loading=\"lazy\" decoding=\"async\" class=\"aligncenter size-medium wp-image-9696\" src=\"http:\/\/martine.tatangelo.com\/wp-content\/uploads\/2017\/10\/DSC2363-400x267.jpg\" alt=\"_DSC2363\" width=\"400\" height=\"267\" srcset=\"https:\/\/martine.tatangelo.com\/wp-content\/uploads\/2017\/10\/DSC2363-400x267.jpg 400w, https:\/\/martine.tatangelo.com\/wp-content\/uploads\/2017\/10\/DSC2363-768x512.jpg 768w, https:\/\/martine.tatangelo.com\/wp-content\/uploads\/2017\/10\/DSC2363-1024x682.jpg 1024w, https:\/\/martine.tatangelo.com\/wp-content\/uploads\/2017\/10\/DSC2363.jpg 1280w\" sizes=\"auto, (max-width: 400px) 100vw, 400px\" \/><\/p>\n<p>Il est plus de 2h et nous n\u2019avons toujours pas d\u00e9jeun\u00e9, nous trouvons un petit resto typique qui sert des \u00ab\u00a0marmites\u00a0\u00bb et fait cuire sa viande au feu de bois.<img loading=\"lazy\" decoding=\"async\" class=\"aligncenter size-medium wp-image-9697\" src=\"http:\/\/martine.tatangelo.com\/wp-content\/uploads\/2017\/10\/DSC2384-400x267.jpg\" alt=\"_DSC2384\" width=\"400\" height=\"267\" srcset=\"https:\/\/martine.tatangelo.com\/wp-content\/uploads\/2017\/10\/DSC2384-400x267.jpg 400w, https:\/\/martine.tatangelo.com\/wp-content\/uploads\/2017\/10\/DSC2384-768x512.jpg 768w, https:\/\/martine.tatangelo.com\/wp-content\/uploads\/2017\/10\/DSC2384-1024x682.jpg 1024w, https:\/\/martine.tatangelo.com\/wp-content\/uploads\/2017\/10\/DSC2384.jpg 1280w\" sizes=\"auto, (max-width: 400px) 100vw, 400px\" \/><\/p>\n<p>&nbsp;<\/p>\n<p>L\u2019apr\u00e8s-midi sera consacr\u00e9 au mus\u00e9e des populations indig\u00e8nes et au m\u00e9morial JK. On passe devant le th\u00e9\u00e2tre national.<\/p>\n<figure id=\"attachment_9699\" aria-describedby=\"caption-attachment-9699\" style=\"width: 400px\" class=\"wp-caption aligncenter\"><img loading=\"lazy\" decoding=\"async\" class=\"size-medium wp-image-9699\" src=\"http:\/\/martine.tatangelo.com\/wp-content\/uploads\/2017\/10\/DSC2402-400x267.jpg\" alt=\"th\u00e9\u00e2tre national\" width=\"400\" height=\"267\" srcset=\"https:\/\/martine.tatangelo.com\/wp-content\/uploads\/2017\/10\/DSC2402-400x267.jpg 400w, https:\/\/martine.tatangelo.com\/wp-content\/uploads\/2017\/10\/DSC2402-768x512.jpg 768w, https:\/\/martine.tatangelo.com\/wp-content\/uploads\/2017\/10\/DSC2402-1024x682.jpg 1024w, https:\/\/martine.tatangelo.com\/wp-content\/uploads\/2017\/10\/DSC2402.jpg 1280w\" sizes=\"auto, (max-width: 400px) 100vw, 400px\" \/><figcaption id=\"caption-attachment-9699\" class=\"wp-caption-text\">th\u00e9\u00e2tre national<\/figcaption><\/figure>\n<p><img loading=\"lazy\" decoding=\"async\" class=\"aligncenter size-medium wp-image-9698\" src=\"http:\/\/martine.tatangelo.com\/wp-content\/uploads\/2017\/10\/DSC2408-400x267.jpg\" alt=\"_DSC2408\" width=\"400\" height=\"267\" srcset=\"https:\/\/martine.tatangelo.com\/wp-content\/uploads\/2017\/10\/DSC2408-400x267.jpg 400w, https:\/\/martine.tatangelo.com\/wp-content\/uploads\/2017\/10\/DSC2408-768x512.jpg 768w, https:\/\/martine.tatangelo.com\/wp-content\/uploads\/2017\/10\/DSC2408-1024x682.jpg 1024w, https:\/\/martine.tatangelo.com\/wp-content\/uploads\/2017\/10\/DSC2408.jpg 1280w\" sizes=\"auto, (max-width: 400px) 100vw, 400px\" \/><\/p>\n<p>une tr\u00e8s belle exposition&#8230;<\/p>\n<p><img loading=\"lazy\" decoding=\"async\" class=\"aligncenter size-medium wp-image-9704\" src=\"http:\/\/martine.tatangelo.com\/wp-content\/uploads\/2017\/10\/DSC2410-400x267.jpg\" alt=\"_DSC2410\" width=\"400\" height=\"267\" srcset=\"https:\/\/martine.tatangelo.com\/wp-content\/uploads\/2017\/10\/DSC2410-400x267.jpg 400w, https:\/\/martine.tatangelo.com\/wp-content\/uploads\/2017\/10\/DSC2410-768x512.jpg 768w, https:\/\/martine.tatangelo.com\/wp-content\/uploads\/2017\/10\/DSC2410-1024x682.jpg 1024w, https:\/\/martine.tatangelo.com\/wp-content\/uploads\/2017\/10\/DSC2410.jpg 1280w\" sizes=\"auto, (max-width: 400px) 100vw, 400px\" \/><img loading=\"lazy\" decoding=\"async\" class=\"aligncenter size-medium wp-image-9705\" src=\"http:\/\/martine.tatangelo.com\/wp-content\/uploads\/2017\/10\/DSC2417-400x267.jpg\" alt=\"_DSC2417\" width=\"400\" height=\"267\" srcset=\"https:\/\/martine.tatangelo.com\/wp-content\/uploads\/2017\/10\/DSC2417-400x267.jpg 400w, https:\/\/martine.tatangelo.com\/wp-content\/uploads\/2017\/10\/DSC2417-768x512.jpg 768w, https:\/\/martine.tatangelo.com\/wp-content\/uploads\/2017\/10\/DSC2417-1024x682.jpg 1024w, https:\/\/martine.tatangelo.com\/wp-content\/uploads\/2017\/10\/DSC2417.jpg 1280w\" sizes=\"auto, (max-width: 400px) 100vw, 400px\" \/><img loading=\"lazy\" decoding=\"async\" class=\"aligncenter size-medium wp-image-9706\" src=\"http:\/\/martine.tatangelo.com\/wp-content\/uploads\/2017\/10\/DSC2427-400x267.jpg\" alt=\"_DSC2427\" width=\"400\" height=\"267\" srcset=\"https:\/\/martine.tatangelo.com\/wp-content\/uploads\/2017\/10\/DSC2427-400x267.jpg 400w, https:\/\/martine.tatangelo.com\/wp-content\/uploads\/2017\/10\/DSC2427-768x512.jpg 768w, https:\/\/martine.tatangelo.com\/wp-content\/uploads\/2017\/10\/DSC2427-1024x682.jpg 1024w, https:\/\/martine.tatangelo.com\/wp-content\/uploads\/2017\/10\/DSC2427.jpg 1280w\" sizes=\"auto, (max-width: 400px) 100vw, 400px\" \/><img loading=\"lazy\" decoding=\"async\" class=\"aligncenter size-medium wp-image-9707\" src=\"http:\/\/martine.tatangelo.com\/wp-content\/uploads\/2017\/10\/DSC2430-400x267.jpg\" alt=\"_DSC2430\" width=\"400\" height=\"267\" srcset=\"https:\/\/martine.tatangelo.com\/wp-content\/uploads\/2017\/10\/DSC2430-400x267.jpg 400w, https:\/\/martine.tatangelo.com\/wp-content\/uploads\/2017\/10\/DSC2430-768x512.jpg 768w, https:\/\/martine.tatangelo.com\/wp-content\/uploads\/2017\/10\/DSC2430-1024x682.jpg 1024w, https:\/\/martine.tatangelo.com\/wp-content\/uploads\/2017\/10\/DSC2430.jpg 1280w\" sizes=\"auto, (max-width: 400px) 100vw, 400px\" \/><\/p>\n<p>Dans le m\u00e9morial JK,<\/p>\n<p><img loading=\"lazy\" decoding=\"async\" class=\"aligncenter size-medium wp-image-9712\" src=\"http:\/\/martine.tatangelo.com\/wp-content\/uploads\/2017\/10\/DSC2479-400x267.jpg\" alt=\"_DSC2479\" width=\"400\" height=\"267\" srcset=\"https:\/\/martine.tatangelo.com\/wp-content\/uploads\/2017\/10\/DSC2479-400x267.jpg 400w, https:\/\/martine.tatangelo.com\/wp-content\/uploads\/2017\/10\/DSC2479-768x512.jpg 768w, https:\/\/martine.tatangelo.com\/wp-content\/uploads\/2017\/10\/DSC2479-1024x682.jpg 1024w, https:\/\/martine.tatangelo.com\/wp-content\/uploads\/2017\/10\/DSC2479.jpg 1280w\" sizes=\"auto, (max-width: 400px) 100vw, 400px\" \/>nous sommes accueillis par des employ\u00e9s tout de blanc v\u00eatus : costumes blancs pour les messieurs, tailleurs et gants blancs pour les dames. Tout est calme et feutr\u00e9. La biblioth\u00e8que du pr\u00e9sident est reconstitu\u00e9 avec ses 3000 ouvrages. Un salon \u00e9tait r\u00e9serv\u00e9 \u00e0 Sara, femme du Pr\u00e9sident qui recevait les h\u00f4tes.\u00a0<img loading=\"lazy\" decoding=\"async\" class=\"aligncenter size-medium wp-image-9709\" src=\"http:\/\/martine.tatangelo.com\/wp-content\/uploads\/2017\/10\/DSC2459-400x267.jpg\" alt=\"_DSC2459\" width=\"400\" height=\"267\" srcset=\"https:\/\/martine.tatangelo.com\/wp-content\/uploads\/2017\/10\/DSC2459-400x267.jpg 400w, https:\/\/martine.tatangelo.com\/wp-content\/uploads\/2017\/10\/DSC2459-768x512.jpg 768w, https:\/\/martine.tatangelo.com\/wp-content\/uploads\/2017\/10\/DSC2459-1024x682.jpg 1024w, https:\/\/martine.tatangelo.com\/wp-content\/uploads\/2017\/10\/DSC2459.jpg 1280w\" sizes=\"auto, (max-width: 400px) 100vw, 400px\" \/><\/p>\n<p>A l&rsquo;\u00e9tage, des vid\u00e9os sur les grands moments de la construction de Brasilia ainsi que les diff\u00e9rents hommages des autres pays.<\/p>\n<p>Sous une coupelle de verre rouge, le tombeau du Pr\u00e9sident&#8230;<img loading=\"lazy\" decoding=\"async\" class=\"aligncenter size-medium wp-image-9710\" src=\"http:\/\/martine.tatangelo.com\/wp-content\/uploads\/2017\/10\/DSC2467-400x600.jpg\" alt=\"_DSC2467\" width=\"400\" height=\"600\" srcset=\"https:\/\/martine.tatangelo.com\/wp-content\/uploads\/2017\/10\/DSC2467-400x600.jpg 400w, https:\/\/martine.tatangelo.com\/wp-content\/uploads\/2017\/10\/DSC2467-768x1152.jpg 768w, https:\/\/martine.tatangelo.com\/wp-content\/uploads\/2017\/10\/DSC2467-682x1024.jpg 682w, https:\/\/martine.tatangelo.com\/wp-content\/uploads\/2017\/10\/DSC2467.jpg 853w\" sizes=\"auto, (max-width: 400px) 100vw, 400px\" \/><\/p>\n<p>Une collection des v\u00eatements que portaient le pr\u00e9sident et son \u00e9pouse.<img loading=\"lazy\" decoding=\"async\" class=\"aligncenter size-medium wp-image-9708\" src=\"http:\/\/martine.tatangelo.com\/wp-content\/uploads\/2017\/10\/DSC2449-400x267.jpg\" alt=\"_DSC2449\" width=\"400\" height=\"267\" srcset=\"https:\/\/martine.tatangelo.com\/wp-content\/uploads\/2017\/10\/DSC2449-400x267.jpg 400w, https:\/\/martine.tatangelo.com\/wp-content\/uploads\/2017\/10\/DSC2449-768x512.jpg 768w, https:\/\/martine.tatangelo.com\/wp-content\/uploads\/2017\/10\/DSC2449-1024x682.jpg 1024w, https:\/\/martine.tatangelo.com\/wp-content\/uploads\/2017\/10\/DSC2449.jpg 1280w\" sizes=\"auto, (max-width: 400px) 100vw, 400px\" \/><\/p>\n<p><img loading=\"lazy\" decoding=\"async\" class=\"aligncenter size-medium wp-image-9711\" src=\"http:\/\/martine.tatangelo.com\/wp-content\/uploads\/2017\/10\/DSC2469-400x267.jpg\" alt=\"_DSC2469\" width=\"400\" height=\"267\" srcset=\"https:\/\/martine.tatangelo.com\/wp-content\/uploads\/2017\/10\/DSC2469-400x267.jpg 400w, https:\/\/martine.tatangelo.com\/wp-content\/uploads\/2017\/10\/DSC2469-768x512.jpg 768w, https:\/\/martine.tatangelo.com\/wp-content\/uploads\/2017\/10\/DSC2469-1024x682.jpg 1024w, https:\/\/martine.tatangelo.com\/wp-content\/uploads\/2017\/10\/DSC2469.jpg 1280w\" sizes=\"auto, (max-width: 400px) 100vw, 400px\" \/>Nous retournerons \u00e0 notre bivouac devant la place des cristaux pour une nuit calme. Nous sommes sur les rotules enfin les miennes \u00e7a va, elles sont costauds&#8230;<\/p>\n<p><img loading=\"lazy\" decoding=\"async\" class=\"aligncenter size-medium wp-image-9713\" src=\"http:\/\/martine.tatangelo.com\/wp-content\/uploads\/2017\/10\/DSC2498-400x267.jpg\" alt=\"_DSC2498\" width=\"400\" height=\"267\" srcset=\"https:\/\/martine.tatangelo.com\/wp-content\/uploads\/2017\/10\/DSC2498-400x267.jpg 400w, https:\/\/martine.tatangelo.com\/wp-content\/uploads\/2017\/10\/DSC2498-768x512.jpg 768w, https:\/\/martine.tatangelo.com\/wp-content\/uploads\/2017\/10\/DSC2498-1024x682.jpg 1024w, https:\/\/martine.tatangelo.com\/wp-content\/uploads\/2017\/10\/DSC2498.jpg 1280w\" sizes=\"auto, (max-width: 400px) 100vw, 400px\" \/><img loading=\"lazy\" decoding=\"async\" class=\"aligncenter size-medium wp-image-9714\" src=\"http:\/\/martine.tatangelo.com\/wp-content\/uploads\/2017\/10\/DSC2495-400x267.jpg\" alt=\"_DSC2495\" width=\"400\" height=\"267\" srcset=\"https:\/\/martine.tatangelo.com\/wp-content\/uploads\/2017\/10\/DSC2495-400x267.jpg 400w, https:\/\/martine.tatangelo.com\/wp-content\/uploads\/2017\/10\/DSC2495-768x512.jpg 768w, https:\/\/martine.tatangelo.com\/wp-content\/uploads\/2017\/10\/DSC2495-1024x682.jpg 1024w, https:\/\/martine.tatangelo.com\/wp-content\/uploads\/2017\/10\/DSC2495.jpg 1280w\" sizes=\"auto, (max-width: 400px) 100vw, 400px\" \/><\/p>\n<p>Notre impression sur Brasilia\u00a0: une ville agr\u00e9able avec plein d\u2019espaces verts, de parcs, d\u2019espaces mais aussi une ville sans \u00e2mes\u00a0: personnes dans les rues, les distances sont trop longues, pas de petits magasins uniquement des centres commerciaux, des blocs identiques.<\/p>\n<p>Mais on a bien aim\u00e9 tout de m\u00eame surtout l\u2019architecture des b\u00e2timents embl\u00e9matiques de la ville et surtout pour une ville aussi gigantesque\u00a0: 2 millions d\u2019habitants tout de m\u00eame pas d\u2019embouteillage il n\u2019y a presque pas de feux ce sont des ponts, des tunnels. Si on retient le nom de l\u2019architecte Nyemeyer, il faut aussi se rappeler l\u2019urbaniste\u00a0: Lucio Costa.<\/p>\n<p>Vendredi matin, nous irons au sanctuaire Dom Bosco. C\u2019est une \u00e9glise monumentale mais pas comme on a l\u2019habitude en Europe c\u2019est un \u00e9norme cube compos\u00e9 de milliers de carreaux de Murano en verre bleu, le r\u00e9sultat est saisissant \u00e0 l\u2019int\u00e9rieur\u00a0. Le lustre \u00e9norme de 2,6T en verre de Murano servirait de contrepoids \u00e0 la structure\u00a0!<\/p>\n<p><img loading=\"lazy\" decoding=\"async\" class=\"aligncenter size-medium wp-image-9717\" src=\"http:\/\/martine.tatangelo.com\/wp-content\/uploads\/2017\/10\/DSC2510-400x267.jpg\" alt=\"_DSC2510\" width=\"400\" height=\"267\" srcset=\"https:\/\/martine.tatangelo.com\/wp-content\/uploads\/2017\/10\/DSC2510-400x267.jpg 400w, https:\/\/martine.tatangelo.com\/wp-content\/uploads\/2017\/10\/DSC2510-768x512.jpg 768w, https:\/\/martine.tatangelo.com\/wp-content\/uploads\/2017\/10\/DSC2510-1024x682.jpg 1024w, https:\/\/martine.tatangelo.com\/wp-content\/uploads\/2017\/10\/DSC2510.jpg 1280w\" sizes=\"auto, (max-width: 400px) 100vw, 400px\" \/><img loading=\"lazy\" decoding=\"async\" class=\"aligncenter size-medium wp-image-9719\" src=\"http:\/\/martine.tatangelo.com\/wp-content\/uploads\/2017\/10\/DSC2500-400x267.jpg\" alt=\"_DSC2500\" width=\"400\" height=\"267\" srcset=\"https:\/\/martine.tatangelo.com\/wp-content\/uploads\/2017\/10\/DSC2500-400x267.jpg 400w, https:\/\/martine.tatangelo.com\/wp-content\/uploads\/2017\/10\/DSC2500-768x512.jpg 768w, https:\/\/martine.tatangelo.com\/wp-content\/uploads\/2017\/10\/DSC2500-1024x682.jpg 1024w, https:\/\/martine.tatangelo.com\/wp-content\/uploads\/2017\/10\/DSC2500.jpg 1280w\" sizes=\"auto, (max-width: 400px) 100vw, 400px\" \/><img loading=\"lazy\" decoding=\"async\" class=\"aligncenter size-medium wp-image-9720\" src=\"http:\/\/martine.tatangelo.com\/wp-content\/uploads\/2017\/10\/DSC2503-400x267.jpg\" alt=\"_DSC2503\" width=\"400\" height=\"267\" srcset=\"https:\/\/martine.tatangelo.com\/wp-content\/uploads\/2017\/10\/DSC2503-400x267.jpg 400w, https:\/\/martine.tatangelo.com\/wp-content\/uploads\/2017\/10\/DSC2503-768x512.jpg 768w, https:\/\/martine.tatangelo.com\/wp-content\/uploads\/2017\/10\/DSC2503-1024x682.jpg 1024w, https:\/\/martine.tatangelo.com\/wp-content\/uploads\/2017\/10\/DSC2503.jpg 1280w\" sizes=\"auto, (max-width: 400px) 100vw, 400px\" \/><img loading=\"lazy\" decoding=\"async\" class=\"aligncenter size-medium wp-image-9721\" src=\"http:\/\/martine.tatangelo.com\/wp-content\/uploads\/2017\/10\/DSC2506-400x267.jpg\" alt=\"_DSC2506\" width=\"400\" height=\"267\" srcset=\"https:\/\/martine.tatangelo.com\/wp-content\/uploads\/2017\/10\/DSC2506-400x267.jpg 400w, https:\/\/martine.tatangelo.com\/wp-content\/uploads\/2017\/10\/DSC2506-768x512.jpg 768w, https:\/\/martine.tatangelo.com\/wp-content\/uploads\/2017\/10\/DSC2506-1024x682.jpg 1024w, https:\/\/martine.tatangelo.com\/wp-content\/uploads\/2017\/10\/DSC2506.jpg 1280w\" sizes=\"auto, (max-width: 400px) 100vw, 400px\" \/><\/p>\n<p>L&rsquo;impression de G\u00e9rard \u00e9tait \u00a0de rentrer dans une mosqu\u00e9e heureusement qu&rsquo;il y avait la croix pour nous rappeler que l&rsquo;on \u00e9tait dans une \u00e9glise !<\/p>\n<p>&nbsp;<\/p>\n<p>&nbsp;<\/p>\n<p>&nbsp;<\/p>\n<p>&nbsp;<\/p>\n","protected":false},"excerpt":{"rendered":"<p>Nous quittons Pirenopolis par une belle route. Nous passons devant la tr\u00e8s belle cascade de&#8230;<\/p>\n","protected":false},"author":3,"featured_media":9678,"comment_status":"open","ping_status":"open","sticky":false,"template":"","format":"standard","meta":{"footnotes":""},"categories":[128,113],"tags":[],"class_list":["post-9672","post","type-post","status-publish","format-standard","has-post-thumbnail","hentry","category-3-sejour","category-bresil"],"_links":{"self":[{"href":"https:\/\/martine.tatangelo.com\/index.php\/wp-json\/wp\/v2\/posts\/9672","targetHints":{"allow":["GET"]}}],"collection":[{"href":"https:\/\/martine.tatangelo.com\/index.php\/wp-json\/wp\/v2\/posts"}],"about":[{"href":"https:\/\/martine.tatangelo.com\/index.php\/wp-json\/wp\/v2\/types\/post"}],"author":[{"embeddable":true,"href":"https:\/\/martine.tatangelo.com\/index.php\/wp-json\/wp\/v2\/users\/3"}],"replies":[{"embeddable":true,"href":"https:\/\/martine.tatangelo.com\/index.php\/wp-json\/wp\/v2\/comments?post=9672"}],"version-history":[{"count":5,"href":"https:\/\/martine.tatangelo.com\/index.php\/wp-json\/wp\/v2\/posts\/9672\/revisions"}],"predecessor-version":[{"id":9723,"href":"https:\/\/martine.tatangelo.com\/index.php\/wp-json\/wp\/v2\/posts\/9672\/revisions\/9723"}],"wp:featuredmedia":[{"embeddable":true,"href":"https:\/\/martine.tatangelo.com\/index.php\/wp-json\/wp\/v2\/media\/9678"}],"wp:attachment":[{"href":"https:\/\/martine.tatangelo.com\/index.php\/wp-json\/wp\/v2\/media?parent=9672"}],"wp:term":[{"taxonomy":"category","embeddable":true,"href":"https:\/\/martine.tatangelo.com\/index.php\/wp-json\/wp\/v2\/categories?post=9672"},{"taxonomy":"post_tag","embeddable":true,"href":"https:\/\/martine.tatangelo.com\/index.php\/wp-json\/wp\/v2\/tags?post=9672"}],"curies":[{"name":"wp","href":"https:\/\/api.w.org\/{rel}","templated":true}]}}